{"id":3363,"date":"2022-10-17T18:50:51","date_gmt":"2022-10-17T16:50:51","guid":{"rendered":"https:\/\/zsms.zabrze.pl\/?p=3363"},"modified":"2022-10-24T22:21:48","modified_gmt":"2022-10-24T20:21:48","slug":"xviii-dzien-nauki-w-zabrzu","status":"publish","type":"post","link":"https:\/\/zsms.zabrze.pl\/?p=3363","title":{"rendered":"XVIII Dzie\u0144 Nauki w Zabrzu"},"content":{"rendered":"\n<p>O7.10.2022 uczniowie kl. IS oraz IA wraz z opiekunami P. W. P\u0142o\u0144sk\u0105, P. A. Buczkowsk\u0105 i P. M. Orzechowsk\u0105 uczestniczyli w XVIII Dniu Nauki. <\/p>\n\n\n\n<p>Impreza miejska odby\u0142a si\u0119 z okazji 100-lecia miasta Zabrza przy odrestaurowanej Wie\u017cy Ci\u015bnie\u0144. Celem Dnia Nauki by\u0142a popularyzacja aktywno\u015bci instytucji naukowo-badawczych. <\/p>\n\n\n\n<p>Patronem tegorocznej edycji by\u0142 \u015al\u0105ski Park Technologii Medycznych Kardio-Med Silesia i Fundacja Rozwoju Kardiochirurgii im. prof. Z. Religi.<\/p>\n\n\n<div class=\"su-custom-gallery su-custom-gallery-align-left su-custom-gallery-title-never su-lightbox-gallery\"><div class=\"su-custom-gallery-slide\" style=\"width:165px;height:440px\"><a href=\"https:\/\/zsms.zabrze.pl\/wp-content\/uploads\/2022\/10\/dzien_nauki_2022_02.jpg\" title=\"XVIII Dzie\u0144 Nauki w Zabrzu, 07.10.2022 r.\"><img loading=\"lazy\" decoding=\"async\" src=\"https:\/\/zsms.zabrze.pl\/wp-content\/uploads\/2022\/10\/dzien_nauki_2022_02-165x440.jpg\" alt=\"XVIII Dzie\u0144 Nauki w Zabrzu, 07.10.2022 r.\" width=\"165\" height=\"440\" \/><span class=\"su-custom-gallery-title\">XVIII Dzie\u0144 Nauki w Zabrzu, 07.10.2022 r.<\/span><\/a><\/div><div class=\"su-custom-gallery-slide\" style=\"width:165px;height:440px\"><a href=\"https:\/\/zsms.zabrze.pl\/wp-content\/uploads\/2022\/10\/dzien_nauki_2022_03.jpg\" title=\"XVIII Dzie\u0144 Nauki w Zabrzu, 07.10.2022 r.\"><img loading=\"lazy\" decoding=\"async\" src=\"https:\/\/zsms.zabrze.pl\/wp-content\/uploads\/2022\/10\/dzien_nauki_2022_03-165x440.jpg\" alt=\"XVIII Dzie\u0144 Nauki w Zabrzu, 07.10.2022 r.\" width=\"165\" height=\"440\" \/><span class=\"su-custom-gallery-title\">XVIII Dzie\u0144 Nauki w Zabrzu, 07.10.2022 r.<\/span><\/a><\/div><div class=\"su-custom-gallery-slide\" style=\"width:165px;height:440px\"><a href=\"https:\/\/zsms.zabrze.pl\/wp-content\/uploads\/2022\/10\/dzien_nauki_2022_01.jpg\" title=\"XVIII Dzie\u0144 Nauki w Zabrzu, 07.10.2022 r.\"><img loading=\"lazy\" decoding=\"async\" src=\"https:\/\/zsms.zabrze.pl\/wp-content\/uploads\/2022\/10\/dzien_nauki_2022_01-165x440.jpg\" alt=\"XVIII Dzie\u0144 Nauki w Zabrzu, 07.10.2022 r.\" width=\"165\" height=\"440\" \/><span class=\"su-custom-gallery-title\">XVIII Dzie\u0144 Nauki w Zabrzu, 07.10.2022 r.<\/span><\/a><\/div><div class=\"su-custom-gallery-slide\" style=\"width:165px;height:440px\"><a href=\"https:\/\/zsms.zabrze.pl\/wp-content\/uploads\/2022\/10\/dzien_nauki_2022_04.jpg\" title=\"XVIII Dzie\u0144 Nauki w Zabrzu, 07.10.2022 r.\"><img loading=\"lazy\" decoding=\"async\" src=\"https:\/\/zsms.zabrze.pl\/wp-content\/uploads\/2022\/10\/dzien_nauki_2022_04-165x440.jpg\" alt=\"XVIII Dzie\u0144 Nauki w Zabrzu, 07.10.2022 r.\" width=\"165\" height=\"440\" \/><span class=\"su-custom-gallery-title\">XVIII Dzie\u0144 Nauki w Zabrzu, 07.10.2022 r.<\/span><\/a><\/div><div class=\"su-clear\"><\/div><\/div>\n","protected":false},"excerpt":{"rendered":"<p>O7.10.2022 uczniowie kl. IS oraz IA wraz z opiekunami P. W. P\u0142o\u0144sk\u0105, P. A. Buczkowsk\u0105 i P. M. Orzechowsk\u0105 uczestniczyli<\/p>\n","protected":false},"author":5,"featured_media":3364,"comment_status":"closed","ping_status":"closed","sticky":false,"template":"","format":"standard","meta":{"colormag_page_container_layout":"default_layout","colormag_page_sidebar_layout":"default_layout","footnotes":""},"categories":[5,10],"tags":[],"class_list":["post-3363","post","type-post","status-publish","format-standard","has-post-thumbnail","hentry","category-relacje","category-zsms"],"yoast_head":"<!-- This site is optimized with the Yoast SEO plugin v27.2 - https:\/\/yoast.com\/product\/yoast-seo-wordpress\/ -->\n<title>XVIII Dzie\u0144 Nauki w Zabrzu - Zesp\u00f3\u0142 Szk\u00f3\u0142 Mechaniczno-Samochodowych w Zabrzu<\/title>\n<meta name=\"description\" content=\"Technikum Nr 2, Bran\u017cowa Szko\u0142a I Stopnia Nr 8\" \/>\n<meta name=\"robots\" content=\"noindex, follow\" \/>\n<meta property=\"og:locale\" content=\"pl_PL\" \/>\n<meta property=\"og:type\" content=\"article\" \/>\n<meta property=\"og:title\" content=\"XVIII Dzie\u0144 Nauki w Zabrzu - Zesp\u00f3\u0142 Szk\u00f3\u0142 Mechaniczno-Samochodowych w Zabrzu\" \/>\n<meta property=\"og:description\" content=\"Technikum Nr 2, Bran\u017cowa Szko\u0142a I Stopnia Nr 8\" \/>\n<meta property=\"og:url\" content=\"https:\/\/zsms.zabrze.pl\/?p=3363\" \/>\n<meta property=\"og:site_name\" content=\"Zesp\u00f3\u0142 Szk\u00f3\u0142 Mechaniczno-Samochodowych w Zabrzu\" \/>\n<meta property=\"article:publisher\" content=\"https:\/\/www.facebook.com\/zsmszabrze\/\" \/>\n<meta property=\"article:published_time\" content=\"2022-10-17T16:50:51+00:00\" \/>\n<meta property=\"article:modified_time\" content=\"2022-10-24T20:21:48+00:00\" \/>\n<meta property=\"og:image\" content=\"https:\/\/zsms.zabrze.pl\/wp-content\/uploads\/2022\/10\/den_nauki_2022_fp.jpg\" \/>\n\t<meta property=\"og:image:width\" content=\"800\" \/>\n\t<meta property=\"og:image:height\" content=\"445\" \/>\n\t<meta property=\"og:image:type\" content=\"image\/jpeg\" \/>\n<meta name=\"author\" content=\"M. Orzechowska\" \/>\n<meta name=\"twitter:card\" content=\"summary_large_image\" \/>\n<meta name=\"twitter:label1\" content=\"Napisane przez\" \/>\n\t<meta name=\"twitter:data1\" content=\"M. Orzechowska\" \/>\n\t<meta name=\"twitter:label2\" content=\"Szacowany czas czytania\" \/>\n\t<meta name=\"twitter:data2\" content=\"1 minuta\" \/>\n<!-- \/ Yoast SEO plugin. -->","yoast_head_json":{"title":"XVIII Dzie\u0144 Nauki w Zabrzu - Zesp\u00f3\u0142 Szk\u00f3\u0142 Mechaniczno-Samochodowych w Zabrzu","description":"Technikum Nr 2, Bran\u017cowa Szko\u0142a I Stopnia Nr 8","robots":{"index":"noindex","follow":"follow"},"og_locale":"pl_PL","og_type":"article","og_title":"XVIII Dzie\u0144 Nauki w Zabrzu - Zesp\u00f3\u0142 Szk\u00f3\u0142 Mechaniczno-Samochodowych w Zabrzu","og_description":"Technikum Nr 2, Bran\u017cowa Szko\u0142a I Stopnia Nr 8","og_url":"https:\/\/zsms.zabrze.pl\/?p=3363","og_site_name":"Zesp\u00f3\u0142 Szk\u00f3\u0142 Mechaniczno-Samochodowych w Zabrzu","article_publisher":"https:\/\/www.facebook.com\/zsmszabrze\/","article_published_time":"2022-10-17T16:50:51+00:00","article_modified_time":"2022-10-24T20:21:48+00:00","og_image":[{"width":800,"height":445,"url":"https:\/\/zsms.zabrze.pl\/wp-content\/uploads\/2022\/10\/den_nauki_2022_fp.jpg","type":"image\/jpeg"}],"author":"M. Orzechowska","twitter_card":"summary_large_image","twitter_misc":{"Napisane przez":"M. Orzechowska","Szacowany czas czytania":"1 minuta"},"schema":{"@context":"https:\/\/schema.org","@graph":[{"@type":"Article","@id":"https:\/\/zsms.zabrze.pl\/?p=3363#article","isPartOf":{"@id":"https:\/\/zsms.zabrze.pl\/?p=3363"},"author":{"name":"M. Orzechowska","@id":"https:\/\/zsms.zabrze.pl\/#\/schema\/person\/e5a8a5c5e276e86a75a67d66b17011c3"},"headline":"XVIII Dzie\u0144 Nauki w Zabrzu","datePublished":"2022-10-17T16:50:51+00:00","dateModified":"2022-10-24T20:21:48+00:00","mainEntityOfPage":{"@id":"https:\/\/zsms.zabrze.pl\/?p=3363"},"wordCount":88,"publisher":{"@id":"https:\/\/zsms.zabrze.pl\/#organization"},"image":{"@id":"https:\/\/zsms.zabrze.pl\/?p=3363#primaryimage"},"thumbnailUrl":"https:\/\/zsms.zabrze.pl\/wp-content\/uploads\/2022\/10\/den_nauki_2022_fp.jpg","articleSection":["Relacje","ZSMS"],"inLanguage":"pl-PL"},{"@type":"WebPage","@id":"https:\/\/zsms.zabrze.pl\/?p=3363","url":"https:\/\/zsms.zabrze.pl\/?p=3363","name":"XVIII Dzie\u0144 Nauki w Zabrzu - Zesp\u00f3\u0142 Szk\u00f3\u0142 Mechaniczno-Samochodowych w Zabrzu","isPartOf":{"@id":"https:\/\/zsms.zabrze.pl\/#website"},"primaryImageOfPage":{"@id":"https:\/\/zsms.zabrze.pl\/?p=3363#primaryimage"},"image":{"@id":"https:\/\/zsms.zabrze.pl\/?p=3363#primaryimage"},"thumbnailUrl":"https:\/\/zsms.zabrze.pl\/wp-content\/uploads\/2022\/10\/den_nauki_2022_fp.jpg","datePublished":"2022-10-17T16:50:51+00:00","dateModified":"2022-10-24T20:21:48+00:00","description":"Technikum Nr 2, Bran\u017cowa Szko\u0142a I Stopnia Nr 8","breadcrumb":{"@id":"https:\/\/zsms.zabrze.pl\/?p=3363#breadcrumb"},"inLanguage":"pl-PL","potentialAction":[{"@type":"ReadAction","target":["https:\/\/zsms.zabrze.pl\/?p=3363"]}]},{"@type":"ImageObject","inLanguage":"pl-PL","@id":"https:\/\/zsms.zabrze.pl\/?p=3363#primaryimage","url":"https:\/\/zsms.zabrze.pl\/wp-content\/uploads\/2022\/10\/den_nauki_2022_fp.jpg","contentUrl":"https:\/\/zsms.zabrze.pl\/wp-content\/uploads\/2022\/10\/den_nauki_2022_fp.jpg","width":800,"height":445},{"@type":"BreadcrumbList","@id":"https:\/\/zsms.zabrze.pl\/?p=3363#breadcrumb","itemListElement":[{"@type":"ListItem","position":1,"name":"Strona g\u0142\u00f3wna","item":"https:\/\/zsms.zabrze.pl\/"},{"@type":"ListItem","position":2,"name":"XVIII Dzie\u0144 Nauki w Zabrzu"}]},{"@type":"WebSite","@id":"https:\/\/zsms.zabrze.pl\/#website","url":"https:\/\/zsms.zabrze.pl\/","name":"Zesp\u00f3\u0142 Szk\u00f3\u0142 Mechaniczno-Samochodowych w Zabrzu","description":"","publisher":{"@id":"https:\/\/zsms.zabrze.pl\/#organization"},"potentialAction":[{"@type":"SearchAction","target":{"@type":"EntryPoint","urlTemplate":"https:\/\/zsms.zabrze.pl\/?s={search_term_string}"},"query-input":{"@type":"PropertyValueSpecification","valueRequired":true,"valueName":"search_term_string"}}],"inLanguage":"pl-PL"},{"@type":"Organization","@id":"https:\/\/zsms.zabrze.pl\/#organization","name":"Zesp\u00f3\u0142 Szk\u00f3\u0142 Mechaniczno-Samochodowych w Zabrzu","url":"https:\/\/zsms.zabrze.pl\/","logo":{"@type":"ImageObject","inLanguage":"pl-PL","@id":"https:\/\/zsms.zabrze.pl\/#\/schema\/logo\/image\/","url":"https:\/\/zsms.zabrze.pl\/wp-content\/uploads\/2020\/10\/logo600.jpg","contentUrl":"https:\/\/zsms.zabrze.pl\/wp-content\/uploads\/2020\/10\/logo600.jpg","width":600,"height":600,"caption":"Zesp\u00f3\u0142 Szk\u00f3\u0142 Mechaniczno-Samochodowych w Zabrzu"},"image":{"@id":"https:\/\/zsms.zabrze.pl\/#\/schema\/logo\/image\/"},"sameAs":["https:\/\/www.facebook.com\/zsmszabrze\/"]},{"@type":"Person","@id":"https:\/\/zsms.zabrze.pl\/#\/schema\/person\/e5a8a5c5e276e86a75a67d66b17011c3","name":"M. Orzechowska","url":"https:\/\/zsms.zabrze.pl\/?author=5"}]}},"_links":{"self":[{"href":"https:\/\/zsms.zabrze.pl\/index.php?rest_route=\/wp\/v2\/posts\/3363","targetHints":{"allow":["GET"]}}],"collection":[{"href":"https:\/\/zsms.zabrze.pl\/index.php?rest_route=\/wp\/v2\/posts"}],"about":[{"href":"https:\/\/zsms.zabrze.pl\/index.php?rest_route=\/wp\/v2\/types\/post"}],"author":[{"embeddable":true,"href":"https:\/\/zsms.zabrze.pl\/index.php?rest_route=\/wp\/v2\/users\/5"}],"replies":[{"embeddable":true,"href":"https:\/\/zsms.zabrze.pl\/index.php?rest_route=%2Fwp%2Fv2%2Fcomments&post=3363"}],"version-history":[{"count":4,"href":"https:\/\/zsms.zabrze.pl\/index.php?rest_route=\/wp\/v2\/posts\/3363\/revisions"}],"predecessor-version":[{"id":3377,"href":"https:\/\/zsms.zabrze.pl\/index.php?rest_route=\/wp\/v2\/posts\/3363\/revisions\/3377"}],"wp:featuredmedia":[{"embeddable":true,"href":"https:\/\/zsms.zabrze.pl\/index.php?rest_route=\/wp\/v2\/media\/3364"}],"wp:attachment":[{"href":"https:\/\/zsms.zabrze.pl\/index.php?rest_route=%2Fwp%2Fv2%2Fmedia&parent=3363"}],"wp:term":[{"taxonomy":"category","embeddable":true,"href":"https:\/\/zsms.zabrze.pl\/index.php?rest_route=%2Fwp%2Fv2%2Fcategories&post=3363"},{"taxonomy":"post_tag","embeddable":true,"href":"https:\/\/zsms.zabrze.pl\/index.php?rest_route=%2Fwp%2Fv2%2Ftags&post=3363"}],"curies":[{"name":"wp","href":"https:\/\/api.w.org\/{rel}","templated":true}]}}