{"id":3378,"date":"2022-10-17T19:05:13","date_gmt":"2022-10-17T17:05:13","guid":{"rendered":"https:\/\/zsms.zabrze.pl\/?p=3378"},"modified":"2022-10-17T19:19:12","modified_gmt":"2022-10-17T17:19:12","slug":"3378","status":"publish","type":"post","link":"https:\/\/zsms.zabrze.pl\/?p=3378","title":{"rendered":"V Literacka Konferencja Naukowa"},"content":{"rendered":"\n<p>V Literacka Konferencja Naukowa, Przed i po. Tadeusz R\u00f3\u017cewicz&#8221; <\/p>\n\n\n\n<p><\/p>\n\n\n\n<p>17.10.2022 r. m\u0142odzie\u017c naszej szko\u0142y (kl. IVS) uczestniczy\u0142a w sesji po\u015bwi\u0119conej tw\u00f3rczo\u015bci wybitnego polskiego poety, dramaturgia i prozaika, Tadeusza R\u00f3\u017cewicza.<\/p>\n\n\n<div class=\"su-custom-gallery su-custom-gallery-align-left su-custom-gallery-title-never su-lightbox-gallery\"><div class=\"su-custom-gallery-slide\" style=\"width:235px;height:180px\"><a href=\"https:\/\/zsms.zabrze.pl\/wp-content\/uploads\/2022\/10\/1.jpg\" title=\"1\"><img loading=\"lazy\" decoding=\"async\" src=\"https:\/\/zsms.zabrze.pl\/wp-content\/uploads\/2022\/10\/1-235x180.jpg\" alt=\"1\" width=\"235\" height=\"180\" \/><span class=\"su-custom-gallery-title\">1<\/span><\/a><\/div><div class=\"su-custom-gallery-slide\" style=\"width:235px;height:180px\"><a href=\"https:\/\/zsms.zabrze.pl\/wp-content\/uploads\/2022\/10\/2.jpg\" title=\"2\"><img loading=\"lazy\" decoding=\"async\" src=\"https:\/\/zsms.zabrze.pl\/wp-content\/uploads\/2022\/10\/2-235x180.jpg\" alt=\"2\" width=\"235\" height=\"180\" \/><span class=\"su-custom-gallery-title\">2<\/span><\/a><\/div><div class=\"su-custom-gallery-slide\" style=\"width:235px;height:180px\"><a href=\"https:\/\/zsms.zabrze.pl\/wp-content\/uploads\/2022\/10\/3.jpg\" title=\"3\"><img loading=\"lazy\" decoding=\"async\" src=\"https:\/\/zsms.zabrze.pl\/wp-content\/uploads\/2022\/10\/3-235x180.jpg\" alt=\"3\" width=\"235\" height=\"180\" \/><span class=\"su-custom-gallery-title\">3<\/span><\/a><\/div><div class=\"su-clear\"><\/div><\/div>\n\n\n\n<div class=\"wp-block-image\"><figure class=\"aligncenter size-large is-resized\"><img loading=\"lazy\" decoding=\"async\" src=\"https:\/\/zsms.zabrze.pl\/wp-content\/uploads\/2022\/10\/plakat-723x1024.jpg\" alt=\"\" class=\"wp-image-3394\" width=\"485\" height=\"686\" srcset=\"https:\/\/zsms.zabrze.pl\/wp-content\/uploads\/2022\/10\/plakat-723x1024.jpg 723w, https:\/\/zsms.zabrze.pl\/wp-content\/uploads\/2022\/10\/plakat-212x300.jpg 212w, https:\/\/zsms.zabrze.pl\/wp-content\/uploads\/2022\/10\/plakat-768x1087.jpg 768w, https:\/\/zsms.zabrze.pl\/wp-content\/uploads\/2022\/10\/plakat.jpg 1000w\" sizes=\"auto, (max-width: 485px) 100vw, 485px\" \/><\/figure><\/div>\n","protected":false},"excerpt":{"rendered":"<p>V Literacka Konferencja Naukowa, Przed i po. Tadeusz R\u00f3\u017cewicz&#8221; 17.10.2022 r. m\u0142odzie\u017c naszej szko\u0142y (kl. IVS) uczestniczy\u0142a w sesji po\u015bwi\u0119conej<\/p>\n","protected":false},"author":5,"featured_media":3390,"comment_status":"closed","ping_status":"closed","sticky":false,"template":"","format":"standard","meta":{"colormag_page_container_layout":"default_layout","colormag_page_sidebar_layout":"default_layout","footnotes":""},"categories":[5],"tags":[],"class_list":["post-3378","post","type-post","status-publish","format-standard","has-post-thumbnail","hentry","category-relacje"],"yoast_head":"<!-- This site is optimized with the Yoast SEO plugin v27.2 - https:\/\/yoast.com\/product\/yoast-seo-wordpress\/ -->\n<title>V Literacka Konferencja Naukowa - Zesp\u00f3\u0142 Szk\u00f3\u0142 Mechaniczno-Samochodowych w Zabrzu<\/title>\n<meta name=\"description\" content=\"Technikum Nr 2, Bran\u017cowa Szko\u0142a I Stopnia Nr 8\" \/>\n<meta name=\"robots\" content=\"noindex, follow\" \/>\n<meta property=\"og:locale\" content=\"pl_PL\" \/>\n<meta property=\"og:type\" content=\"article\" \/>\n<meta property=\"og:title\" content=\"V Literacka Konferencja Naukowa - Zesp\u00f3\u0142 Szk\u00f3\u0142 Mechaniczno-Samochodowych w Zabrzu\" \/>\n<meta property=\"og:description\" content=\"Technikum Nr 2, Bran\u017cowa Szko\u0142a I Stopnia Nr 8\" \/>\n<meta property=\"og:url\" content=\"https:\/\/zsms.zabrze.pl\/?p=3378\" \/>\n<meta property=\"og:site_name\" content=\"Zesp\u00f3\u0142 Szk\u00f3\u0142 Mechaniczno-Samochodowych w Zabrzu\" \/>\n<meta property=\"article:publisher\" content=\"https:\/\/www.facebook.com\/zsmszabrze\/\" \/>\n<meta property=\"article:published_time\" content=\"2022-10-17T17:05:13+00:00\" \/>\n<meta property=\"article:modified_time\" content=\"2022-10-17T17:19:12+00:00\" \/>\n<meta property=\"og:image\" content=\"https:\/\/zsms.zabrze.pl\/wp-content\/uploads\/2022\/10\/konferencja_rozweicz_fp.jpg\" \/>\n\t<meta property=\"og:image:width\" content=\"800\" \/>\n\t<meta property=\"og:image:height\" content=\"445\" \/>\n\t<meta property=\"og:image:type\" content=\"image\/jpeg\" \/>\n<meta name=\"author\" content=\"M. Orzechowska\" \/>\n<meta name=\"twitter:card\" content=\"summary_large_image\" \/>\n<meta name=\"twitter:label1\" content=\"Napisane przez\" \/>\n\t<meta name=\"twitter:data1\" content=\"M. Orzechowska\" \/>\n\t<meta name=\"twitter:label2\" content=\"Szacowany czas czytania\" \/>\n\t<meta name=\"twitter:data2\" content=\"1 minuta\" \/>\n<!-- \/ Yoast SEO plugin. -->","yoast_head_json":{"title":"V Literacka Konferencja Naukowa - Zesp\u00f3\u0142 Szk\u00f3\u0142 Mechaniczno-Samochodowych w Zabrzu","description":"Technikum Nr 2, Bran\u017cowa Szko\u0142a I Stopnia Nr 8","robots":{"index":"noindex","follow":"follow"},"og_locale":"pl_PL","og_type":"article","og_title":"V Literacka Konferencja Naukowa - Zesp\u00f3\u0142 Szk\u00f3\u0142 Mechaniczno-Samochodowych w Zabrzu","og_description":"Technikum Nr 2, Bran\u017cowa Szko\u0142a I Stopnia Nr 8","og_url":"https:\/\/zsms.zabrze.pl\/?p=3378","og_site_name":"Zesp\u00f3\u0142 Szk\u00f3\u0142 Mechaniczno-Samochodowych w Zabrzu","article_publisher":"https:\/\/www.facebook.com\/zsmszabrze\/","article_published_time":"2022-10-17T17:05:13+00:00","article_modified_time":"2022-10-17T17:19:12+00:00","og_image":[{"width":800,"height":445,"url":"https:\/\/zsms.zabrze.pl\/wp-content\/uploads\/2022\/10\/konferencja_rozweicz_fp.jpg","type":"image\/jpeg"}],"author":"M. Orzechowska","twitter_card":"summary_large_image","twitter_misc":{"Napisane przez":"M. Orzechowska","Szacowany czas czytania":"1 minuta"},"schema":{"@context":"https:\/\/schema.org","@graph":[{"@type":"Article","@id":"https:\/\/zsms.zabrze.pl\/?p=3378#article","isPartOf":{"@id":"https:\/\/zsms.zabrze.pl\/?p=3378"},"author":{"name":"M. Orzechowska","@id":"https:\/\/zsms.zabrze.pl\/#\/schema\/person\/e5a8a5c5e276e86a75a67d66b17011c3"},"headline":"V Literacka Konferencja Naukowa","datePublished":"2022-10-17T17:05:13+00:00","dateModified":"2022-10-17T17:19:12+00:00","mainEntityOfPage":{"@id":"https:\/\/zsms.zabrze.pl\/?p=3378"},"wordCount":53,"publisher":{"@id":"https:\/\/zsms.zabrze.pl\/#organization"},"image":{"@id":"https:\/\/zsms.zabrze.pl\/?p=3378#primaryimage"},"thumbnailUrl":"https:\/\/zsms.zabrze.pl\/wp-content\/uploads\/2022\/10\/konferencja_rozweicz_fp.jpg","articleSection":["Relacje"],"inLanguage":"pl-PL"},{"@type":"WebPage","@id":"https:\/\/zsms.zabrze.pl\/?p=3378","url":"https:\/\/zsms.zabrze.pl\/?p=3378","name":"V Literacka Konferencja Naukowa - Zesp\u00f3\u0142 Szk\u00f3\u0142 Mechaniczno-Samochodowych w Zabrzu","isPartOf":{"@id":"https:\/\/zsms.zabrze.pl\/#website"},"primaryImageOfPage":{"@id":"https:\/\/zsms.zabrze.pl\/?p=3378#primaryimage"},"image":{"@id":"https:\/\/zsms.zabrze.pl\/?p=3378#primaryimage"},"thumbnailUrl":"https:\/\/zsms.zabrze.pl\/wp-content\/uploads\/2022\/10\/konferencja_rozweicz_fp.jpg","datePublished":"2022-10-17T17:05:13+00:00","dateModified":"2022-10-17T17:19:12+00:00","description":"Technikum Nr 2, Bran\u017cowa Szko\u0142a I Stopnia Nr 8","breadcrumb":{"@id":"https:\/\/zsms.zabrze.pl\/?p=3378#breadcrumb"},"inLanguage":"pl-PL","potentialAction":[{"@type":"ReadAction","target":["https:\/\/zsms.zabrze.pl\/?p=3378"]}]},{"@type":"ImageObject","inLanguage":"pl-PL","@id":"https:\/\/zsms.zabrze.pl\/?p=3378#primaryimage","url":"https:\/\/zsms.zabrze.pl\/wp-content\/uploads\/2022\/10\/konferencja_rozweicz_fp.jpg","contentUrl":"https:\/\/zsms.zabrze.pl\/wp-content\/uploads\/2022\/10\/konferencja_rozweicz_fp.jpg","width":800,"height":445},{"@type":"BreadcrumbList","@id":"https:\/\/zsms.zabrze.pl\/?p=3378#breadcrumb","itemListElement":[{"@type":"ListItem","position":1,"name":"Strona g\u0142\u00f3wna","item":"https:\/\/zsms.zabrze.pl\/"},{"@type":"ListItem","position":2,"name":"V Literacka Konferencja Naukowa"}]},{"@type":"WebSite","@id":"https:\/\/zsms.zabrze.pl\/#website","url":"https:\/\/zsms.zabrze.pl\/","name":"Zesp\u00f3\u0142 Szk\u00f3\u0142 Mechaniczno-Samochodowych w Zabrzu","description":"","publisher":{"@id":"https:\/\/zsms.zabrze.pl\/#organization"},"potentialAction":[{"@type":"SearchAction","target":{"@type":"EntryPoint","urlTemplate":"https:\/\/zsms.zabrze.pl\/?s={search_term_string}"},"query-input":{"@type":"PropertyValueSpecification","valueRequired":true,"valueName":"search_term_string"}}],"inLanguage":"pl-PL"},{"@type":"Organization","@id":"https:\/\/zsms.zabrze.pl\/#organization","name":"Zesp\u00f3\u0142 Szk\u00f3\u0142 Mechaniczno-Samochodowych w Zabrzu","url":"https:\/\/zsms.zabrze.pl\/","logo":{"@type":"ImageObject","inLanguage":"pl-PL","@id":"https:\/\/zsms.zabrze.pl\/#\/schema\/logo\/image\/","url":"https:\/\/zsms.zabrze.pl\/wp-content\/uploads\/2020\/10\/logo600.jpg","contentUrl":"https:\/\/zsms.zabrze.pl\/wp-content\/uploads\/2020\/10\/logo600.jpg","width":600,"height":600,"caption":"Zesp\u00f3\u0142 Szk\u00f3\u0142 Mechaniczno-Samochodowych w Zabrzu"},"image":{"@id":"https:\/\/zsms.zabrze.pl\/#\/schema\/logo\/image\/"},"sameAs":["https:\/\/www.facebook.com\/zsmszabrze\/"]},{"@type":"Person","@id":"https:\/\/zsms.zabrze.pl\/#\/schema\/person\/e5a8a5c5e276e86a75a67d66b17011c3","name":"M. Orzechowska","url":"https:\/\/zsms.zabrze.pl\/?author=5"}]}},"_links":{"self":[{"href":"https:\/\/zsms.zabrze.pl\/index.php?rest_route=\/wp\/v2\/posts\/3378","targetHints":{"allow":["GET"]}}],"collection":[{"href":"https:\/\/zsms.zabrze.pl\/index.php?rest_route=\/wp\/v2\/posts"}],"about":[{"href":"https:\/\/zsms.zabrze.pl\/index.php?rest_route=\/wp\/v2\/types\/post"}],"author":[{"embeddable":true,"href":"https:\/\/zsms.zabrze.pl\/index.php?rest_route=\/wp\/v2\/users\/5"}],"replies":[{"embeddable":true,"href":"https:\/\/zsms.zabrze.pl\/index.php?rest_route=%2Fwp%2Fv2%2Fcomments&post=3378"}],"version-history":[{"count":14,"href":"https:\/\/zsms.zabrze.pl\/index.php?rest_route=\/wp\/v2\/posts\/3378\/revisions"}],"predecessor-version":[{"id":3401,"href":"https:\/\/zsms.zabrze.pl\/index.php?rest_route=\/wp\/v2\/posts\/3378\/revisions\/3401"}],"wp:featuredmedia":[{"embeddable":true,"href":"https:\/\/zsms.zabrze.pl\/index.php?rest_route=\/wp\/v2\/media\/3390"}],"wp:attachment":[{"href":"https:\/\/zsms.zabrze.pl\/index.php?rest_route=%2Fwp%2Fv2%2Fmedia&parent=3378"}],"wp:term":[{"taxonomy":"category","embeddable":true,"href":"https:\/\/zsms.zabrze.pl\/index.php?rest_route=%2Fwp%2Fv2%2Fcategories&post=3378"},{"taxonomy":"post_tag","embeddable":true,"href":"https:\/\/zsms.zabrze.pl\/index.php?rest_route=%2Fwp%2Fv2%2Ftags&post=3378"}],"curies":[{"name":"wp","href":"https:\/\/api.w.org\/{rel}","templated":true}]}}