{"id":3720,"date":"2023-03-20T17:05:36","date_gmt":"2023-03-20T16:05:36","guid":{"rendered":"https:\/\/zsms.zabrze.pl\/?p=3720"},"modified":"2023-03-20T17:10:50","modified_gmt":"2023-03-20T16:10:50","slug":"tak-pomagam-4","status":"publish","type":"post","link":"https:\/\/zsms.zabrze.pl\/?p=3720","title":{"rendered":",,Tak. Pomagam !&#8221;"},"content":{"rendered":"\n<p>W sobot\u0119,18 marca odby\u0142a si\u0119 kolejna edycja akcji ,,Tak. Pomagam !&#8221;_ zbi\u00f3rka \u017cywno\u015bci Caritas: ,,by ka\u017cdy m\u00f3g\u0142 cieszy\u0107 si\u0119 wielkanocnym \u015bniadaniem &#8222;. <\/p>\n\n\n\n<p>,,Wielkanoc to trudny czas dla os\u00f3b, kt\u00f3re nie mog\u0105 sobie pozwoli\u0107 na na \u015bwi\u0105teczny posi\u0142ek &#8222;. Wolontariusze naszej szko\u0142y prowadzili zbi\u00f3rk\u0119 \u017cywno\u015bci dla potrzebuj\u0105cych w supermarketach na terenie Zabrza. Jak zawsze zaanga\u017cowa\u0142a si\u0119 m\u0142odzie\u017c kl.III F oraz kl.IV S. <\/p>\n\n\n\n<p>DZI\u0118KUJEMY <img loading=\"lazy\" decoding=\"async\" height=\"16\" width=\"16\" src=\"https:\/\/static.xx.fbcdn.net\/images\/emoji.php\/v9\/t33\/1.5\/16\/2665.png\" alt=\"\u2665\ufe0f\"><img loading=\"lazy\" decoding=\"async\" height=\"16\" width=\"16\" src=\"https:\/\/static.xx.fbcdn.net\/images\/emoji.php\/v9\/t33\/1.5\/16\/2665.png\" alt=\"\u2665\ufe0f\"><img loading=\"lazy\" decoding=\"async\" height=\"16\" width=\"16\" src=\"https:\/\/static.xx.fbcdn.net\/images\/emoji.php\/v9\/t33\/1.5\/16\/2665.png\" alt=\"\u2665\ufe0f\"><\/p>\n\n\n<div class=\"su-custom-gallery su-custom-gallery-align-left su-custom-gallery-title-never su-lightbox-gallery\"><div class=\"su-custom-gallery-slide\" style=\"width:240px;height:240px\"><a href=\"https:\/\/zsms.zabrze.pl\/wp-content\/uploads\/2023\/03\/tak_pomagam_03.jpg\" title=\"tak_pomagam_03\"><img loading=\"lazy\" decoding=\"async\" src=\"https:\/\/zsms.zabrze.pl\/wp-content\/uploads\/2023\/03\/tak_pomagam_03-240x240.jpg\" alt=\"tak_pomagam_03\" width=\"240\" height=\"240\" \/><span class=\"su-custom-gallery-title\">tak_pomagam_03<\/span><\/a><\/div><div class=\"su-custom-gallery-slide\" style=\"width:240px;height:240px\"><a href=\"https:\/\/zsms.zabrze.pl\/wp-content\/uploads\/2023\/03\/tak_pomagam_01.jpg\" title=\"tak_pomagam_01\"><img loading=\"lazy\" decoding=\"async\" src=\"https:\/\/zsms.zabrze.pl\/wp-content\/uploads\/2023\/03\/tak_pomagam_01-240x240.jpg\" alt=\"tak_pomagam_01\" width=\"240\" height=\"240\" \/><span class=\"su-custom-gallery-title\">tak_pomagam_01<\/span><\/a><\/div><div class=\"su-custom-gallery-slide\" style=\"width:240px;height:240px\"><a href=\"https:\/\/zsms.zabrze.pl\/wp-content\/uploads\/2023\/03\/tak_pomagam_02.jpg\" title=\"tak_pomagam_02\"><img loading=\"lazy\" decoding=\"async\" src=\"https:\/\/zsms.zabrze.pl\/wp-content\/uploads\/2023\/03\/tak_pomagam_02-240x240.jpg\" alt=\"tak_pomagam_02\" width=\"240\" height=\"240\" \/><span class=\"su-custom-gallery-title\">tak_pomagam_02<\/span><\/a><\/div><div class=\"su-custom-gallery-slide\" style=\"width:240px;height:240px\"><a href=\"https:\/\/zsms.zabrze.pl\/wp-content\/uploads\/2023\/03\/tak_pomagam_04.jpg\" title=\"tak_pomagam_04\"><img loading=\"lazy\" decoding=\"async\" src=\"https:\/\/zsms.zabrze.pl\/wp-content\/uploads\/2023\/03\/tak_pomagam_04-240x240.jpg\" alt=\"tak_pomagam_04\" width=\"240\" height=\"240\" \/><span class=\"su-custom-gallery-title\">tak_pomagam_04<\/span><\/a><\/div><div class=\"su-custom-gallery-slide\" style=\"width:240px;height:240px\"><a href=\"https:\/\/zsms.zabrze.pl\/wp-content\/uploads\/2023\/03\/tak_pomagam_05.jpg\" title=\"tak_pomagam_05\"><img loading=\"lazy\" decoding=\"async\" src=\"https:\/\/zsms.zabrze.pl\/wp-content\/uploads\/2023\/03\/tak_pomagam_05-240x240.jpg\" alt=\"tak_pomagam_05\" width=\"240\" height=\"240\" \/><span class=\"su-custom-gallery-title\">tak_pomagam_05<\/span><\/a><\/div><div class=\"su-clear\"><\/div><\/div>\n","protected":false},"excerpt":{"rendered":"<p>W sobot\u0119,18 marca odby\u0142a si\u0119 kolejna edycja akcji ,,Tak. Pomagam !&#8221;_ zbi\u00f3rka \u017cywno\u015bci Caritas: ,,by ka\u017cdy m\u00f3g\u0142 cieszy\u0107 si\u0119 wielkanocnym<\/p>\n","protected":false},"author":5,"featured_media":3721,"comment_status":"closed","ping_status":"closed","sticky":false,"template":"","format":"standard","meta":{"colormag_page_container_layout":"default_layout","colormag_page_sidebar_layout":"default_layout","footnotes":""},"categories":[12,10],"tags":[],"class_list":["post-3720","post","type-post","status-publish","format-standard","has-post-thumbnail","hentry","category-wolontariat","category-zsms"],"yoast_head":"<!-- This site is optimized with the Yoast SEO plugin v27.2 - https:\/\/yoast.com\/product\/yoast-seo-wordpress\/ -->\n<title>,,Tak. Pomagam !&quot; - Zesp\u00f3\u0142 Szk\u00f3\u0142 Mechaniczno-Samochodowych w Zabrzu<\/title>\n<meta name=\"description\" content=\"Technikum Nr 2, Bran\u017cowa Szko\u0142a I Stopnia Nr 8\" \/>\n<meta name=\"robots\" content=\"noindex, follow\" \/>\n<meta property=\"og:locale\" content=\"pl_PL\" \/>\n<meta property=\"og:type\" content=\"article\" \/>\n<meta property=\"og:title\" content=\",,Tak. Pomagam !&quot; - Zesp\u00f3\u0142 Szk\u00f3\u0142 Mechaniczno-Samochodowych w Zabrzu\" \/>\n<meta property=\"og:description\" content=\"Technikum Nr 2, Bran\u017cowa Szko\u0142a I Stopnia Nr 8\" \/>\n<meta property=\"og:url\" content=\"https:\/\/zsms.zabrze.pl\/?p=3720\" \/>\n<meta property=\"og:site_name\" content=\"Zesp\u00f3\u0142 Szk\u00f3\u0142 Mechaniczno-Samochodowych w Zabrzu\" \/>\n<meta property=\"article:publisher\" content=\"https:\/\/www.facebook.com\/zsmszabrze\/\" \/>\n<meta property=\"article:published_time\" content=\"2023-03-20T16:05:36+00:00\" \/>\n<meta property=\"article:modified_time\" content=\"2023-03-20T16:10:50+00:00\" \/>\n<meta property=\"og:image\" content=\"https:\/\/zsms.zabrze.pl\/wp-content\/uploads\/2023\/03\/tp_fp.jpg\" \/>\n\t<meta property=\"og:image:width\" content=\"800\" \/>\n\t<meta property=\"og:image:height\" content=\"445\" \/>\n\t<meta property=\"og:image:type\" content=\"image\/jpeg\" \/>\n<meta name=\"author\" content=\"M. Orzechowska\" \/>\n<meta name=\"twitter:card\" content=\"summary_large_image\" \/>\n<meta name=\"twitter:label1\" content=\"Napisane przez\" \/>\n\t<meta name=\"twitter:data1\" content=\"M. Orzechowska\" \/>\n\t<meta name=\"twitter:label2\" content=\"Szacowany czas czytania\" \/>\n\t<meta name=\"twitter:data2\" content=\"2 minuty\" \/>\n<!-- \/ Yoast SEO plugin. -->","yoast_head_json":{"title":",,Tak. Pomagam !\" - Zesp\u00f3\u0142 Szk\u00f3\u0142 Mechaniczno-Samochodowych w Zabrzu","description":"Technikum Nr 2, Bran\u017cowa Szko\u0142a I Stopnia Nr 8","robots":{"index":"noindex","follow":"follow"},"og_locale":"pl_PL","og_type":"article","og_title":",,Tak. Pomagam !\" - Zesp\u00f3\u0142 Szk\u00f3\u0142 Mechaniczno-Samochodowych w Zabrzu","og_description":"Technikum Nr 2, Bran\u017cowa Szko\u0142a I Stopnia Nr 8","og_url":"https:\/\/zsms.zabrze.pl\/?p=3720","og_site_name":"Zesp\u00f3\u0142 Szk\u00f3\u0142 Mechaniczno-Samochodowych w Zabrzu","article_publisher":"https:\/\/www.facebook.com\/zsmszabrze\/","article_published_time":"2023-03-20T16:05:36+00:00","article_modified_time":"2023-03-20T16:10:50+00:00","og_image":[{"width":800,"height":445,"url":"https:\/\/zsms.zabrze.pl\/wp-content\/uploads\/2023\/03\/tp_fp.jpg","type":"image\/jpeg"}],"author":"M. Orzechowska","twitter_card":"summary_large_image","twitter_misc":{"Napisane przez":"M. Orzechowska","Szacowany czas czytania":"2 minuty"},"schema":{"@context":"https:\/\/schema.org","@graph":[{"@type":"Article","@id":"https:\/\/zsms.zabrze.pl\/?p=3720#article","isPartOf":{"@id":"https:\/\/zsms.zabrze.pl\/?p=3720"},"author":{"name":"M. Orzechowska","@id":"https:\/\/zsms.zabrze.pl\/#\/schema\/person\/e5a8a5c5e276e86a75a67d66b17011c3"},"headline":",,Tak. Pomagam !&#8221;","datePublished":"2023-03-20T16:05:36+00:00","dateModified":"2023-03-20T16:10:50+00:00","mainEntityOfPage":{"@id":"https:\/\/zsms.zabrze.pl\/?p=3720"},"wordCount":92,"publisher":{"@id":"https:\/\/zsms.zabrze.pl\/#organization"},"image":{"@id":"https:\/\/zsms.zabrze.pl\/?p=3720#primaryimage"},"thumbnailUrl":"https:\/\/zsms.zabrze.pl\/wp-content\/uploads\/2023\/03\/tp_fp.jpg","articleSection":["Wolontariat","ZSMS"],"inLanguage":"pl-PL"},{"@type":"WebPage","@id":"https:\/\/zsms.zabrze.pl\/?p=3720","url":"https:\/\/zsms.zabrze.pl\/?p=3720","name":",,Tak. Pomagam !\" - Zesp\u00f3\u0142 Szk\u00f3\u0142 Mechaniczno-Samochodowych w Zabrzu","isPartOf":{"@id":"https:\/\/zsms.zabrze.pl\/#website"},"primaryImageOfPage":{"@id":"https:\/\/zsms.zabrze.pl\/?p=3720#primaryimage"},"image":{"@id":"https:\/\/zsms.zabrze.pl\/?p=3720#primaryimage"},"thumbnailUrl":"https:\/\/zsms.zabrze.pl\/wp-content\/uploads\/2023\/03\/tp_fp.jpg","datePublished":"2023-03-20T16:05:36+00:00","dateModified":"2023-03-20T16:10:50+00:00","description":"Technikum Nr 2, Bran\u017cowa Szko\u0142a I Stopnia Nr 8","breadcrumb":{"@id":"https:\/\/zsms.zabrze.pl\/?p=3720#breadcrumb"},"inLanguage":"pl-PL","potentialAction":[{"@type":"ReadAction","target":["https:\/\/zsms.zabrze.pl\/?p=3720"]}]},{"@type":"ImageObject","inLanguage":"pl-PL","@id":"https:\/\/zsms.zabrze.pl\/?p=3720#primaryimage","url":"https:\/\/zsms.zabrze.pl\/wp-content\/uploads\/2023\/03\/tp_fp.jpg","contentUrl":"https:\/\/zsms.zabrze.pl\/wp-content\/uploads\/2023\/03\/tp_fp.jpg","width":800,"height":445},{"@type":"BreadcrumbList","@id":"https:\/\/zsms.zabrze.pl\/?p=3720#breadcrumb","itemListElement":[{"@type":"ListItem","position":1,"name":"Strona g\u0142\u00f3wna","item":"https:\/\/zsms.zabrze.pl\/"},{"@type":"ListItem","position":2,"name":",,Tak. Pomagam !&#8221;"}]},{"@type":"WebSite","@id":"https:\/\/zsms.zabrze.pl\/#website","url":"https:\/\/zsms.zabrze.pl\/","name":"Zesp\u00f3\u0142 Szk\u00f3\u0142 Mechaniczno-Samochodowych w Zabrzu","description":"","publisher":{"@id":"https:\/\/zsms.zabrze.pl\/#organization"},"potentialAction":[{"@type":"SearchAction","target":{"@type":"EntryPoint","urlTemplate":"https:\/\/zsms.zabrze.pl\/?s={search_term_string}"},"query-input":{"@type":"PropertyValueSpecification","valueRequired":true,"valueName":"search_term_string"}}],"inLanguage":"pl-PL"},{"@type":"Organization","@id":"https:\/\/zsms.zabrze.pl\/#organization","name":"Zesp\u00f3\u0142 Szk\u00f3\u0142 Mechaniczno-Samochodowych w Zabrzu","url":"https:\/\/zsms.zabrze.pl\/","logo":{"@type":"ImageObject","inLanguage":"pl-PL","@id":"https:\/\/zsms.zabrze.pl\/#\/schema\/logo\/image\/","url":"https:\/\/zsms.zabrze.pl\/wp-content\/uploads\/2020\/10\/logo600.jpg","contentUrl":"https:\/\/zsms.zabrze.pl\/wp-content\/uploads\/2020\/10\/logo600.jpg","width":600,"height":600,"caption":"Zesp\u00f3\u0142 Szk\u00f3\u0142 Mechaniczno-Samochodowych w Zabrzu"},"image":{"@id":"https:\/\/zsms.zabrze.pl\/#\/schema\/logo\/image\/"},"sameAs":["https:\/\/www.facebook.com\/zsmszabrze\/"]},{"@type":"Person","@id":"https:\/\/zsms.zabrze.pl\/#\/schema\/person\/e5a8a5c5e276e86a75a67d66b17011c3","name":"M. Orzechowska","url":"https:\/\/zsms.zabrze.pl\/?author=5"}]}},"_links":{"self":[{"href":"https:\/\/zsms.zabrze.pl\/index.php?rest_route=\/wp\/v2\/posts\/3720","targetHints":{"allow":["GET"]}}],"collection":[{"href":"https:\/\/zsms.zabrze.pl\/index.php?rest_route=\/wp\/v2\/posts"}],"about":[{"href":"https:\/\/zsms.zabrze.pl\/index.php?rest_route=\/wp\/v2\/types\/post"}],"author":[{"embeddable":true,"href":"https:\/\/zsms.zabrze.pl\/index.php?rest_route=\/wp\/v2\/users\/5"}],"replies":[{"embeddable":true,"href":"https:\/\/zsms.zabrze.pl\/index.php?rest_route=%2Fwp%2Fv2%2Fcomments&post=3720"}],"version-history":[{"count":4,"href":"https:\/\/zsms.zabrze.pl\/index.php?rest_route=\/wp\/v2\/posts\/3720\/revisions"}],"predecessor-version":[{"id":3730,"href":"https:\/\/zsms.zabrze.pl\/index.php?rest_route=\/wp\/v2\/posts\/3720\/revisions\/3730"}],"wp:featuredmedia":[{"embeddable":true,"href":"https:\/\/zsms.zabrze.pl\/index.php?rest_route=\/wp\/v2\/media\/3721"}],"wp:attachment":[{"href":"https:\/\/zsms.zabrze.pl\/index.php?rest_route=%2Fwp%2Fv2%2Fmedia&parent=3720"}],"wp:term":[{"taxonomy":"category","embeddable":true,"href":"https:\/\/zsms.zabrze.pl\/index.php?rest_route=%2Fwp%2Fv2%2Fcategories&post=3720"},{"taxonomy":"post_tag","embeddable":true,"href":"https:\/\/zsms.zabrze.pl\/index.php?rest_route=%2Fwp%2Fv2%2Ftags&post=3720"}],"curies":[{"name":"wp","href":"https:\/\/api.w.org\/{rel}","templated":true}]}}