{"id":4202,"date":"2023-10-16T12:20:15","date_gmt":"2023-10-16T10:20:15","guid":{"rendered":"https:\/\/zsms.zabrze.pl\/?p=4202"},"modified":"2023-10-30T12:34:34","modified_gmt":"2023-10-30T11:34:34","slug":"dzien-edukacji-narodowej-2023","status":"publish","type":"post","link":"https:\/\/zsms.zabrze.pl\/?p=4202","title":{"rendered":"Dzie\u0144 Edukacji Narodowej 2023"},"content":{"rendered":"\n<p>13 pa\u017adziernika 2023 roku odby\u0142a si\u0119 w naszej szkole uroczysta akademia z okazji Dnia Edukacji Narodowej. <\/p>\n\n\n\n<p>To coroczne polskie \u015bwi\u0119to o\u015bwiaty i szkolnictwa wy\u017cszego ustanowione w rocznic\u0119 powstania Komisji Edukacji Narodowej, kt\u00f3ra zosta\u0142a utworzona w dniu 14 pa\u017adziernika 1773 roku.<\/p>\n\n\n\n<p>Dzie\u0144 Edukacji Narodowej jest wyj\u0105tkow\u0105 okazj\u0105 do uhonorowania Nagrod\u0105 Dyrektora wyr\u00f3\u017cniaj\u0105cych si\u0119 w pracy nauczycieli oraz pracownik\u00f3w administracji i obs\u0142ugi. <\/p>\n\n\n\n<p>Cz\u0119\u015b\u0107 artystyczn\u0105 akademii przygotowali uczniowie klas III S, II S, II F i I F.<\/p>\n\n\n<div class=\"su-custom-gallery su-custom-gallery-align-left su-custom-gallery-title-never su-lightbox-gallery\"><div class=\"su-custom-gallery-slide\" style=\"width:195px;height:195px\"><a href=\"https:\/\/zsms.zabrze.pl\/wp-content\/uploads\/2023\/10\/dzien_eudkacj_narodowej_2023_01.jpg\" title=\"Dzie\u0144 Edukacji Narodowej 2023\"><img loading=\"lazy\" decoding=\"async\" src=\"https:\/\/zsms.zabrze.pl\/wp-content\/uploads\/2023\/10\/dzien_eudkacj_narodowej_2023_01-195x195.jpg\" alt=\"Dzie\u0144 Edukacji Narodowej 2023\" width=\"195\" height=\"195\" \/><span class=\"su-custom-gallery-title\">Dzie\u0144 Edukacji Narodowej 2023<\/span><\/a><\/div><div class=\"su-custom-gallery-slide\" style=\"width:195px;height:195px\"><a href=\"https:\/\/zsms.zabrze.pl\/wp-content\/uploads\/2023\/10\/dzien_eudkacj_narodowej_2023_02.jpg\" title=\"Dzie\u0144 Edukacji Narodowej 2023\"><img loading=\"lazy\" decoding=\"async\" src=\"https:\/\/zsms.zabrze.pl\/wp-content\/uploads\/2023\/10\/dzien_eudkacj_narodowej_2023_02-195x195.jpg\" alt=\"Dzie\u0144 Edukacji Narodowej 2023\" width=\"195\" height=\"195\" \/><span class=\"su-custom-gallery-title\">Dzie\u0144 Edukacji Narodowej 2023<\/span><\/a><\/div><div class=\"su-custom-gallery-slide\" style=\"width:195px;height:195px\"><a href=\"https:\/\/zsms.zabrze.pl\/wp-content\/uploads\/2023\/10\/dzien_eudkacj_narodowej_2023_03.jpg\" title=\"Dzie\u0144 Edukacji Narodowej 2023\"><img loading=\"lazy\" decoding=\"async\" src=\"https:\/\/zsms.zabrze.pl\/wp-content\/uploads\/2023\/10\/dzien_eudkacj_narodowej_2023_03-195x195.jpg\" alt=\"Dzie\u0144 Edukacji Narodowej 2023\" width=\"195\" height=\"195\" \/><span class=\"su-custom-gallery-title\">Dzie\u0144 Edukacji Narodowej 2023<\/span><\/a><\/div><div class=\"su-custom-gallery-slide\" style=\"width:195px;height:195px\"><a href=\"https:\/\/zsms.zabrze.pl\/wp-content\/uploads\/2023\/10\/dzien_eudkacj_narodowej_2023_04.jpg\" title=\"Dzie\u0144 Edukacji Narodowej 2023\"><img loading=\"lazy\" decoding=\"async\" src=\"https:\/\/zsms.zabrze.pl\/wp-content\/uploads\/2023\/10\/dzien_eudkacj_narodowej_2023_04-195x195.jpg\" alt=\"Dzie\u0144 Edukacji Narodowej 2023\" width=\"195\" height=\"195\" \/><span class=\"su-custom-gallery-title\">Dzie\u0144 Edukacji Narodowej 2023<\/span><\/a><\/div><div class=\"su-custom-gallery-slide\" style=\"width:195px;height:195px\"><a href=\"https:\/\/zsms.zabrze.pl\/wp-content\/uploads\/2023\/10\/dzien_eudkacj_narodowej_2023_05.jpg\" title=\"Dzie\u0144 Edukacji Narodowej 2023\"><img loading=\"lazy\" decoding=\"async\" src=\"https:\/\/zsms.zabrze.pl\/wp-content\/uploads\/2023\/10\/dzien_eudkacj_narodowej_2023_05-195x195.jpg\" alt=\"Dzie\u0144 Edukacji Narodowej 2023\" width=\"195\" height=\"195\" \/><span class=\"su-custom-gallery-title\">Dzie\u0144 Edukacji Narodowej 2023<\/span><\/a><\/div><div class=\"su-custom-gallery-slide\" style=\"width:195px;height:195px\"><a href=\"https:\/\/zsms.zabrze.pl\/wp-content\/uploads\/2023\/10\/dzien_eudkacj_narodowej_2023_06.jpg\" title=\"Dzie\u0144 Edukacji Narodowej 2023\"><img loading=\"lazy\" decoding=\"async\" src=\"https:\/\/zsms.zabrze.pl\/wp-content\/uploads\/2023\/10\/dzien_eudkacj_narodowej_2023_06-195x195.jpg\" alt=\"Dzie\u0144 Edukacji Narodowej 2023\" width=\"195\" height=\"195\" \/><span class=\"su-custom-gallery-title\">Dzie\u0144 Edukacji Narodowej 2023<\/span><\/a><\/div><div class=\"su-custom-gallery-slide\" style=\"width:195px;height:195px\"><a href=\"https:\/\/zsms.zabrze.pl\/wp-content\/uploads\/2023\/10\/dzien_eudkacj_narodowej_2023_07.jpg\" title=\"Dzie\u0144 Edukacji Narodowej 2023\"><img loading=\"lazy\" decoding=\"async\" src=\"https:\/\/zsms.zabrze.pl\/wp-content\/uploads\/2023\/10\/dzien_eudkacj_narodowej_2023_07-195x195.jpg\" alt=\"Dzie\u0144 Edukacji Narodowej 2023\" width=\"195\" height=\"195\" \/><span class=\"su-custom-gallery-title\">Dzie\u0144 Edukacji Narodowej 2023<\/span><\/a><\/div><div class=\"su-custom-gallery-slide\" style=\"width:195px;height:195px\"><a href=\"https:\/\/zsms.zabrze.pl\/wp-content\/uploads\/2023\/10\/dzien_eudkacj_narodowej_2023_08.jpg\" title=\"Dzie\u0144 Edukacji Narodowej 2023\"><img loading=\"lazy\" decoding=\"async\" src=\"https:\/\/zsms.zabrze.pl\/wp-content\/uploads\/2023\/10\/dzien_eudkacj_narodowej_2023_08-195x195.jpg\" alt=\"Dzie\u0144 Edukacji Narodowej 2023\" width=\"195\" height=\"195\" \/><span class=\"su-custom-gallery-title\">Dzie\u0144 Edukacji Narodowej 2023<\/span><\/a><\/div><div class=\"su-custom-gallery-slide\" style=\"width:195px;height:195px\"><a href=\"https:\/\/zsms.zabrze.pl\/wp-content\/uploads\/2023\/10\/dzien_eudkacj_narodowej_2023_09.jpg\" title=\"Dzie\u0144 Edukacji Narodowej 2023\"><img loading=\"lazy\" decoding=\"async\" src=\"https:\/\/zsms.zabrze.pl\/wp-content\/uploads\/2023\/10\/dzien_eudkacj_narodowej_2023_09-195x195.jpg\" alt=\"Dzie\u0144 Edukacji Narodowej 2023\" width=\"195\" height=\"195\" \/><span class=\"su-custom-gallery-title\">Dzie\u0144 Edukacji Narodowej 2023<\/span><\/a><\/div><div class=\"su-custom-gallery-slide\" style=\"width:195px;height:195px\"><a href=\"https:\/\/zsms.zabrze.pl\/wp-content\/uploads\/2023\/10\/dzien_eudkacj_narodowej_2023_10.jpg\" title=\"Dzie\u0144 Edukacji Narodowej 2023\"><img loading=\"lazy\" decoding=\"async\" src=\"https:\/\/zsms.zabrze.pl\/wp-content\/uploads\/2023\/10\/dzien_eudkacj_narodowej_2023_10-195x195.jpg\" alt=\"Dzie\u0144 Edukacji Narodowej 2023\" width=\"195\" height=\"195\" \/><span class=\"su-custom-gallery-title\">Dzie\u0144 Edukacji Narodowej 2023<\/span><\/a><\/div><div class=\"su-custom-gallery-slide\" style=\"width:195px;height:195px\"><a href=\"https:\/\/zsms.zabrze.pl\/wp-content\/uploads\/2023\/10\/dzien_eudkacj_narodowej_2023_11.jpg\" title=\"Dzie\u0144 Edukacji Narodowej 2023\"><img loading=\"lazy\" decoding=\"async\" src=\"https:\/\/zsms.zabrze.pl\/wp-content\/uploads\/2023\/10\/dzien_eudkacj_narodowej_2023_11-195x195.jpg\" alt=\"Dzie\u0144 Edukacji Narodowej 2023\" width=\"195\" height=\"195\" \/><span class=\"su-custom-gallery-title\">Dzie\u0144 Edukacji Narodowej 2023<\/span><\/a><\/div><div class=\"su-clear\"><\/div><\/div>\n","protected":false},"excerpt":{"rendered":"<p>13 pa\u017adziernika 2023 roku odby\u0142a si\u0119 w naszej szkole uroczysta akademia z okazji Dnia Edukacji Narodowej. To coroczne polskie \u015bwi\u0119to<\/p>\n","protected":false},"author":3,"featured_media":4203,"comment_status":"closed","ping_status":"closed","sticky":false,"template":"","format":"standard","meta":{"colormag_page_container_layout":"default_layout","colormag_page_sidebar_layout":"default_layout","footnotes":""},"categories":[5],"tags":[],"class_list":["post-4202","post","type-post","status-publish","format-standard","has-post-thumbnail","hentry","category-relacje"],"yoast_head":"<!-- This site is optimized with the Yoast SEO plugin v27.2 - https:\/\/yoast.com\/product\/yoast-seo-wordpress\/ -->\n<title>Dzie\u0144 Edukacji Narodowej 2023 - Zesp\u00f3\u0142 Szk\u00f3\u0142 Mechaniczno-Samochodowych w Zabrzu<\/title>\n<meta name=\"description\" content=\"Technikum Nr 2, Bran\u017cowa Szko\u0142a I Stopnia Nr 8\" \/>\n<meta name=\"robots\" content=\"noindex, follow\" \/>\n<meta property=\"og:locale\" content=\"pl_PL\" \/>\n<meta property=\"og:type\" content=\"article\" \/>\n<meta property=\"og:title\" content=\"Dzie\u0144 Edukacji Narodowej 2023 - Zesp\u00f3\u0142 Szk\u00f3\u0142 Mechaniczno-Samochodowych w Zabrzu\" \/>\n<meta property=\"og:description\" content=\"Technikum Nr 2, Bran\u017cowa Szko\u0142a I Stopnia Nr 8\" \/>\n<meta property=\"og:url\" content=\"https:\/\/zsms.zabrze.pl\/?p=4202\" \/>\n<meta property=\"og:site_name\" content=\"Zesp\u00f3\u0142 Szk\u00f3\u0142 Mechaniczno-Samochodowych w Zabrzu\" \/>\n<meta property=\"article:publisher\" content=\"https:\/\/www.facebook.com\/zsmszabrze\/\" \/>\n<meta property=\"article:published_time\" content=\"2023-10-16T10:20:15+00:00\" \/>\n<meta property=\"article:modified_time\" content=\"2023-10-30T11:34:34+00:00\" \/>\n<meta property=\"og:image\" content=\"https:\/\/zsms.zabrze.pl\/wp-content\/uploads\/2023\/10\/dzien_edukacji_narodowej2023_fp.jpg\" \/>\n\t<meta property=\"og:image:width\" content=\"800\" \/>\n\t<meta property=\"og:image:height\" content=\"445\" \/>\n\t<meta property=\"og:image:type\" content=\"image\/jpeg\" \/>\n<meta name=\"author\" content=\"ZSMS\" \/>\n<meta name=\"twitter:card\" content=\"summary_large_image\" \/>\n<meta name=\"twitter:label1\" content=\"Napisane przez\" \/>\n\t<meta name=\"twitter:data1\" content=\"ZSMS\" \/>\n\t<meta name=\"twitter:label2\" content=\"Szacowany czas czytania\" \/>\n\t<meta name=\"twitter:data2\" content=\"1 minuta\" \/>\n<!-- \/ Yoast SEO plugin. -->","yoast_head_json":{"title":"Dzie\u0144 Edukacji Narodowej 2023 - Zesp\u00f3\u0142 Szk\u00f3\u0142 Mechaniczno-Samochodowych w Zabrzu","description":"Technikum Nr 2, Bran\u017cowa Szko\u0142a I Stopnia Nr 8","robots":{"index":"noindex","follow":"follow"},"og_locale":"pl_PL","og_type":"article","og_title":"Dzie\u0144 Edukacji Narodowej 2023 - Zesp\u00f3\u0142 Szk\u00f3\u0142 Mechaniczno-Samochodowych w Zabrzu","og_description":"Technikum Nr 2, Bran\u017cowa Szko\u0142a I Stopnia Nr 8","og_url":"https:\/\/zsms.zabrze.pl\/?p=4202","og_site_name":"Zesp\u00f3\u0142 Szk\u00f3\u0142 Mechaniczno-Samochodowych w Zabrzu","article_publisher":"https:\/\/www.facebook.com\/zsmszabrze\/","article_published_time":"2023-10-16T10:20:15+00:00","article_modified_time":"2023-10-30T11:34:34+00:00","og_image":[{"width":800,"height":445,"url":"https:\/\/zsms.zabrze.pl\/wp-content\/uploads\/2023\/10\/dzien_edukacji_narodowej2023_fp.jpg","type":"image\/jpeg"}],"author":"ZSMS","twitter_card":"summary_large_image","twitter_misc":{"Napisane przez":"ZSMS","Szacowany czas czytania":"1 minuta"},"schema":{"@context":"https:\/\/schema.org","@graph":[{"@type":"Article","@id":"https:\/\/zsms.zabrze.pl\/?p=4202#article","isPartOf":{"@id":"https:\/\/zsms.zabrze.pl\/?p=4202"},"author":{"name":"ZSMS","@id":"https:\/\/zsms.zabrze.pl\/#\/schema\/person\/809889e07b37c4cc758af99b1f690f4a"},"headline":"Dzie\u0144 Edukacji Narodowej 2023","datePublished":"2023-10-16T10:20:15+00:00","dateModified":"2023-10-30T11:34:34+00:00","mainEntityOfPage":{"@id":"https:\/\/zsms.zabrze.pl\/?p=4202"},"wordCount":99,"publisher":{"@id":"https:\/\/zsms.zabrze.pl\/#organization"},"image":{"@id":"https:\/\/zsms.zabrze.pl\/?p=4202#primaryimage"},"thumbnailUrl":"https:\/\/zsms.zabrze.pl\/wp-content\/uploads\/2023\/10\/dzien_edukacji_narodowej2023_fp.jpg","articleSection":["Relacje"],"inLanguage":"pl-PL"},{"@type":"WebPage","@id":"https:\/\/zsms.zabrze.pl\/?p=4202","url":"https:\/\/zsms.zabrze.pl\/?p=4202","name":"Dzie\u0144 Edukacji Narodowej 2023 - Zesp\u00f3\u0142 Szk\u00f3\u0142 Mechaniczno-Samochodowych w Zabrzu","isPartOf":{"@id":"https:\/\/zsms.zabrze.pl\/#website"},"primaryImageOfPage":{"@id":"https:\/\/zsms.zabrze.pl\/?p=4202#primaryimage"},"image":{"@id":"https:\/\/zsms.zabrze.pl\/?p=4202#primaryimage"},"thumbnailUrl":"https:\/\/zsms.zabrze.pl\/wp-content\/uploads\/2023\/10\/dzien_edukacji_narodowej2023_fp.jpg","datePublished":"2023-10-16T10:20:15+00:00","dateModified":"2023-10-30T11:34:34+00:00","description":"Technikum Nr 2, Bran\u017cowa Szko\u0142a I Stopnia Nr 8","breadcrumb":{"@id":"https:\/\/zsms.zabrze.pl\/?p=4202#breadcrumb"},"inLanguage":"pl-PL","potentialAction":[{"@type":"ReadAction","target":["https:\/\/zsms.zabrze.pl\/?p=4202"]}]},{"@type":"ImageObject","inLanguage":"pl-PL","@id":"https:\/\/zsms.zabrze.pl\/?p=4202#primaryimage","url":"https:\/\/zsms.zabrze.pl\/wp-content\/uploads\/2023\/10\/dzien_edukacji_narodowej2023_fp.jpg","contentUrl":"https:\/\/zsms.zabrze.pl\/wp-content\/uploads\/2023\/10\/dzien_edukacji_narodowej2023_fp.jpg","width":800,"height":445},{"@type":"BreadcrumbList","@id":"https:\/\/zsms.zabrze.pl\/?p=4202#breadcrumb","itemListElement":[{"@type":"ListItem","position":1,"name":"Strona g\u0142\u00f3wna","item":"https:\/\/zsms.zabrze.pl\/"},{"@type":"ListItem","position":2,"name":"Dzie\u0144 Edukacji Narodowej 2023"}]},{"@type":"WebSite","@id":"https:\/\/zsms.zabrze.pl\/#website","url":"https:\/\/zsms.zabrze.pl\/","name":"Zesp\u00f3\u0142 Szk\u00f3\u0142 Mechaniczno-Samochodowych w Zabrzu","description":"","publisher":{"@id":"https:\/\/zsms.zabrze.pl\/#organization"},"potentialAction":[{"@type":"SearchAction","target":{"@type":"EntryPoint","urlTemplate":"https:\/\/zsms.zabrze.pl\/?s={search_term_string}"},"query-input":{"@type":"PropertyValueSpecification","valueRequired":true,"valueName":"search_term_string"}}],"inLanguage":"pl-PL"},{"@type":"Organization","@id":"https:\/\/zsms.zabrze.pl\/#organization","name":"Zesp\u00f3\u0142 Szk\u00f3\u0142 Mechaniczno-Samochodowych w Zabrzu","url":"https:\/\/zsms.zabrze.pl\/","logo":{"@type":"ImageObject","inLanguage":"pl-PL","@id":"https:\/\/zsms.zabrze.pl\/#\/schema\/logo\/image\/","url":"https:\/\/zsms.zabrze.pl\/wp-content\/uploads\/2020\/10\/logo600.jpg","contentUrl":"https:\/\/zsms.zabrze.pl\/wp-content\/uploads\/2020\/10\/logo600.jpg","width":600,"height":600,"caption":"Zesp\u00f3\u0142 Szk\u00f3\u0142 Mechaniczno-Samochodowych w Zabrzu"},"image":{"@id":"https:\/\/zsms.zabrze.pl\/#\/schema\/logo\/image\/"},"sameAs":["https:\/\/www.facebook.com\/zsmszabrze\/"]},{"@type":"Person","@id":"https:\/\/zsms.zabrze.pl\/#\/schema\/person\/809889e07b37c4cc758af99b1f690f4a","name":"ZSMS","url":"https:\/\/zsms.zabrze.pl\/?author=3"}]}},"_links":{"self":[{"href":"https:\/\/zsms.zabrze.pl\/index.php?rest_route=\/wp\/v2\/posts\/4202","targetHints":{"allow":["GET"]}}],"collection":[{"href":"https:\/\/zsms.zabrze.pl\/index.php?rest_route=\/wp\/v2\/posts"}],"about":[{"href":"https:\/\/zsms.zabrze.pl\/index.php?rest_route=\/wp\/v2\/types\/post"}],"author":[{"embeddable":true,"href":"https:\/\/zsms.zabrze.pl\/index.php?rest_route=\/wp\/v2\/users\/3"}],"replies":[{"embeddable":true,"href":"https:\/\/zsms.zabrze.pl\/index.php?rest_route=%2Fwp%2Fv2%2Fcomments&post=4202"}],"version-history":[{"count":8,"href":"https:\/\/zsms.zabrze.pl\/index.php?rest_route=\/wp\/v2\/posts\/4202\/revisions"}],"predecessor-version":[{"id":4223,"href":"https:\/\/zsms.zabrze.pl\/index.php?rest_route=\/wp\/v2\/posts\/4202\/revisions\/4223"}],"wp:featuredmedia":[{"embeddable":true,"href":"https:\/\/zsms.zabrze.pl\/index.php?rest_route=\/wp\/v2\/media\/4203"}],"wp:attachment":[{"href":"https:\/\/zsms.zabrze.pl\/index.php?rest_route=%2Fwp%2Fv2%2Fmedia&parent=4202"}],"wp:term":[{"taxonomy":"category","embeddable":true,"href":"https:\/\/zsms.zabrze.pl\/index.php?rest_route=%2Fwp%2Fv2%2Fcategories&post=4202"},{"taxonomy":"post_tag","embeddable":true,"href":"https:\/\/zsms.zabrze.pl\/index.php?rest_route=%2Fwp%2Fv2%2Ftags&post=4202"}],"curies":[{"name":"wp","href":"https:\/\/api.w.org\/{rel}","templated":true}]}}