{"id":5024,"date":"2024-12-18T11:59:40","date_gmt":"2024-12-18T10:59:40","guid":{"rendered":"https:\/\/zsms.zabrze.pl\/?p=5024"},"modified":"2024-12-24T13:04:19","modified_gmt":"2024-12-24T12:04:19","slug":"stypendium-prezesa-rady-ministrow","status":"publish","type":"post","link":"https:\/\/zsms.zabrze.pl\/?p=5024","title":{"rendered":"Stypendium Prezesa Rady Ministr\u00f3w"},"content":{"rendered":"\n<p>Z ogromn\u0105 rado\u015bci\u0105 informujemy, \u017ce&nbsp;<strong>Piotr Ga\u0142ka<\/strong>, ucze\u0144 klasy 4 S technikum Nr 2 otrzyma\u0142 <strong>Stypendium Prezesa Rady Ministr\u00f3w RP na rok szkolny 2024\/2025.<\/strong><\/p>\n\n\n\n<p>Uroczysto\u015b\u0107 wr\u0119czenia stypendi\u00f3w odby\u0142a si\u0119 w pi\u0105tek, 13 grudnia 2024 roku, w Kuratorium O\u015bwiaty w Katowicach &#8211; Delegatura w Gliwicach.<\/p>\n\n\n\n<p>Serdecznie Gratulujemy!<\/p>\n\n\n\n<figure class=\"wp-block-gallery has-nested-images columns-default is-cropped wp-block-gallery-1 is-layout-flex wp-block-gallery-is-layout-flex\">\n<figure class=\"wp-block-image size-large has-custom-border\"><img loading=\"lazy\" decoding=\"async\" width=\"750\" height=\"1000\" data-id=\"5028\" src=\"https:\/\/zsms.zabrze.pl\/wp-content\/uploads\/2024\/12\/stypendim_2024_2.jpg\" alt=\"\" class=\"wp-image-5028\" style=\"border-radius:8px\" srcset=\"https:\/\/zsms.zabrze.pl\/wp-content\/uploads\/2024\/12\/stypendim_2024_2.jpg 750w, https:\/\/zsms.zabrze.pl\/wp-content\/uploads\/2024\/12\/stypendim_2024_2-225x300.jpg 225w\" sizes=\"auto, (max-width: 750px) 100vw, 750px\" \/><\/figure>\n\n\n\n<figure class=\"wp-block-image size-large has-custom-border\"><img loading=\"lazy\" decoding=\"async\" width=\"1333\" height=\"1000\" data-id=\"5027\" src=\"https:\/\/zsms.zabrze.pl\/wp-content\/uploads\/2024\/12\/stypendim_2024_1.jpg\" alt=\"\" class=\"wp-image-5027\" style=\"border-radius:8px\" srcset=\"https:\/\/zsms.zabrze.pl\/wp-content\/uploads\/2024\/12\/stypendim_2024_1.jpg 1333w, https:\/\/zsms.zabrze.pl\/wp-content\/uploads\/2024\/12\/stypendim_2024_1-300x225.jpg 300w, https:\/\/zsms.zabrze.pl\/wp-content\/uploads\/2024\/12\/stypendim_2024_1-768x576.jpg 768w\" sizes=\"auto, (max-width: 1333px) 100vw, 1333px\" \/><\/figure>\n<\/figure>\n","protected":false},"excerpt":{"rendered":"<p>Z ogromn\u0105 rado\u015bci\u0105 informujemy, \u017ce&nbsp;Piotr Ga\u0142ka, ucze\u0144 klasy 4 S technikum Nr 2 otrzyma\u0142 Stypendium Prezesa Rady Ministr\u00f3w RP na<\/p>\n","protected":false},"author":3,"featured_media":5025,"comment_status":"closed","ping_status":"closed","sticky":false,"template":"","format":"standard","meta":{"colormag_page_container_layout":"default_layout","colormag_page_sidebar_layout":"default_layout","footnotes":""},"categories":[5],"tags":[],"class_list":["post-5024","post","type-post","status-publish","format-standard","has-post-thumbnail","hentry","category-relacje"],"yoast_head":"<!-- This site is optimized with the Yoast SEO plugin v27.2 - https:\/\/yoast.com\/product\/yoast-seo-wordpress\/ -->\n<title>Stypendium Prezesa Rady Ministr\u00f3w - Zesp\u00f3\u0142 Szk\u00f3\u0142 Mechaniczno-Samochodowych w Zabrzu<\/title>\n<meta name=\"description\" content=\"Technikum Nr 2, Bran\u017cowa Szko\u0142a I Stopnia Nr 8\" \/>\n<meta name=\"robots\" content=\"noindex, follow\" \/>\n<meta property=\"og:locale\" content=\"pl_PL\" \/>\n<meta property=\"og:type\" content=\"article\" \/>\n<meta property=\"og:title\" content=\"Stypendium Prezesa Rady Ministr\u00f3w - Zesp\u00f3\u0142 Szk\u00f3\u0142 Mechaniczno-Samochodowych w Zabrzu\" \/>\n<meta property=\"og:description\" content=\"Technikum Nr 2, Bran\u017cowa Szko\u0142a I Stopnia Nr 8\" \/>\n<meta property=\"og:url\" content=\"https:\/\/zsms.zabrze.pl\/?p=5024\" \/>\n<meta property=\"og:site_name\" content=\"Zesp\u00f3\u0142 Szk\u00f3\u0142 Mechaniczno-Samochodowych w Zabrzu\" \/>\n<meta property=\"article:publisher\" content=\"https:\/\/www.facebook.com\/zsmszabrze\/\" \/>\n<meta property=\"article:published_time\" content=\"2024-12-18T10:59:40+00:00\" \/>\n<meta property=\"article:modified_time\" content=\"2024-12-24T12:04:19+00:00\" \/>\n<meta property=\"og:image\" content=\"https:\/\/zsms.zabrze.pl\/wp-content\/uploads\/2024\/12\/stypendim_2024_fp.jpg\" \/>\n\t<meta property=\"og:image:width\" content=\"800\" \/>\n\t<meta property=\"og:image:height\" content=\"423\" \/>\n\t<meta property=\"og:image:type\" content=\"image\/jpeg\" \/>\n<meta name=\"author\" content=\"ZSMS\" \/>\n<meta name=\"twitter:card\" content=\"summary_large_image\" \/>\n<meta name=\"twitter:label1\" content=\"Napisane przez\" \/>\n\t<meta name=\"twitter:data1\" content=\"ZSMS\" \/>\n\t<meta name=\"twitter:label2\" content=\"Szacowany czas czytania\" \/>\n\t<meta name=\"twitter:data2\" content=\"1 minuta\" \/>\n<!-- \/ Yoast SEO plugin. -->","yoast_head_json":{"title":"Stypendium Prezesa Rady Ministr\u00f3w - Zesp\u00f3\u0142 Szk\u00f3\u0142 Mechaniczno-Samochodowych w Zabrzu","description":"Technikum Nr 2, Bran\u017cowa Szko\u0142a I Stopnia Nr 8","robots":{"index":"noindex","follow":"follow"},"og_locale":"pl_PL","og_type":"article","og_title":"Stypendium Prezesa Rady Ministr\u00f3w - Zesp\u00f3\u0142 Szk\u00f3\u0142 Mechaniczno-Samochodowych w Zabrzu","og_description":"Technikum Nr 2, Bran\u017cowa Szko\u0142a I Stopnia Nr 8","og_url":"https:\/\/zsms.zabrze.pl\/?p=5024","og_site_name":"Zesp\u00f3\u0142 Szk\u00f3\u0142 Mechaniczno-Samochodowych w Zabrzu","article_publisher":"https:\/\/www.facebook.com\/zsmszabrze\/","article_published_time":"2024-12-18T10:59:40+00:00","article_modified_time":"2024-12-24T12:04:19+00:00","og_image":[{"width":800,"height":423,"url":"https:\/\/zsms.zabrze.pl\/wp-content\/uploads\/2024\/12\/stypendim_2024_fp.jpg","type":"image\/jpeg"}],"author":"ZSMS","twitter_card":"summary_large_image","twitter_misc":{"Napisane przez":"ZSMS","Szacowany czas czytania":"1 minuta"},"schema":{"@context":"https:\/\/schema.org","@graph":[{"@type":"Article","@id":"https:\/\/zsms.zabrze.pl\/?p=5024#article","isPartOf":{"@id":"https:\/\/zsms.zabrze.pl\/?p=5024"},"author":{"name":"ZSMS","@id":"https:\/\/zsms.zabrze.pl\/#\/schema\/person\/809889e07b37c4cc758af99b1f690f4a"},"headline":"Stypendium Prezesa Rady Ministr\u00f3w","datePublished":"2024-12-18T10:59:40+00:00","dateModified":"2024-12-24T12:04:19+00:00","mainEntityOfPage":{"@id":"https:\/\/zsms.zabrze.pl\/?p=5024"},"wordCount":55,"publisher":{"@id":"https:\/\/zsms.zabrze.pl\/#organization"},"image":{"@id":"https:\/\/zsms.zabrze.pl\/?p=5024#primaryimage"},"thumbnailUrl":"https:\/\/zsms.zabrze.pl\/wp-content\/uploads\/2024\/12\/stypendim_2024_fp.jpg","articleSection":["Relacje"],"inLanguage":"pl-PL"},{"@type":"WebPage","@id":"https:\/\/zsms.zabrze.pl\/?p=5024","url":"https:\/\/zsms.zabrze.pl\/?p=5024","name":"Stypendium Prezesa Rady Ministr\u00f3w - Zesp\u00f3\u0142 Szk\u00f3\u0142 Mechaniczno-Samochodowych w Zabrzu","isPartOf":{"@id":"https:\/\/zsms.zabrze.pl\/#website"},"primaryImageOfPage":{"@id":"https:\/\/zsms.zabrze.pl\/?p=5024#primaryimage"},"image":{"@id":"https:\/\/zsms.zabrze.pl\/?p=5024#primaryimage"},"thumbnailUrl":"https:\/\/zsms.zabrze.pl\/wp-content\/uploads\/2024\/12\/stypendim_2024_fp.jpg","datePublished":"2024-12-18T10:59:40+00:00","dateModified":"2024-12-24T12:04:19+00:00","description":"Technikum Nr 2, Bran\u017cowa Szko\u0142a I Stopnia Nr 8","breadcrumb":{"@id":"https:\/\/zsms.zabrze.pl\/?p=5024#breadcrumb"},"inLanguage":"pl-PL","potentialAction":[{"@type":"ReadAction","target":["https:\/\/zsms.zabrze.pl\/?p=5024"]}]},{"@type":"ImageObject","inLanguage":"pl-PL","@id":"https:\/\/zsms.zabrze.pl\/?p=5024#primaryimage","url":"https:\/\/zsms.zabrze.pl\/wp-content\/uploads\/2024\/12\/stypendim_2024_fp.jpg","contentUrl":"https:\/\/zsms.zabrze.pl\/wp-content\/uploads\/2024\/12\/stypendim_2024_fp.jpg","width":800,"height":423,"caption":"Stypendium Prezesa Rady Ministr\u00f3w"},{"@type":"BreadcrumbList","@id":"https:\/\/zsms.zabrze.pl\/?p=5024#breadcrumb","itemListElement":[{"@type":"ListItem","position":1,"name":"Strona g\u0142\u00f3wna","item":"https:\/\/zsms.zabrze.pl\/"},{"@type":"ListItem","position":2,"name":"Stypendium Prezesa Rady Ministr\u00f3w"}]},{"@type":"WebSite","@id":"https:\/\/zsms.zabrze.pl\/#website","url":"https:\/\/zsms.zabrze.pl\/","name":"Zesp\u00f3\u0142 Szk\u00f3\u0142 Mechaniczno-Samochodowych w Zabrzu","description":"","publisher":{"@id":"https:\/\/zsms.zabrze.pl\/#organization"},"potentialAction":[{"@type":"SearchAction","target":{"@type":"EntryPoint","urlTemplate":"https:\/\/zsms.zabrze.pl\/?s={search_term_string}"},"query-input":{"@type":"PropertyValueSpecification","valueRequired":true,"valueName":"search_term_string"}}],"inLanguage":"pl-PL"},{"@type":"Organization","@id":"https:\/\/zsms.zabrze.pl\/#organization","name":"Zesp\u00f3\u0142 Szk\u00f3\u0142 Mechaniczno-Samochodowych w Zabrzu","url":"https:\/\/zsms.zabrze.pl\/","logo":{"@type":"ImageObject","inLanguage":"pl-PL","@id":"https:\/\/zsms.zabrze.pl\/#\/schema\/logo\/image\/","url":"https:\/\/zsms.zabrze.pl\/wp-content\/uploads\/2020\/10\/logo600.jpg","contentUrl":"https:\/\/zsms.zabrze.pl\/wp-content\/uploads\/2020\/10\/logo600.jpg","width":600,"height":600,"caption":"Zesp\u00f3\u0142 Szk\u00f3\u0142 Mechaniczno-Samochodowych w Zabrzu"},"image":{"@id":"https:\/\/zsms.zabrze.pl\/#\/schema\/logo\/image\/"},"sameAs":["https:\/\/www.facebook.com\/zsmszabrze\/"]},{"@type":"Person","@id":"https:\/\/zsms.zabrze.pl\/#\/schema\/person\/809889e07b37c4cc758af99b1f690f4a","name":"ZSMS","url":"https:\/\/zsms.zabrze.pl\/?author=3"}]}},"_links":{"self":[{"href":"https:\/\/zsms.zabrze.pl\/index.php?rest_route=\/wp\/v2\/posts\/5024","targetHints":{"allow":["GET"]}}],"collection":[{"href":"https:\/\/zsms.zabrze.pl\/index.php?rest_route=\/wp\/v2\/posts"}],"about":[{"href":"https:\/\/zsms.zabrze.pl\/index.php?rest_route=\/wp\/v2\/types\/post"}],"author":[{"embeddable":true,"href":"https:\/\/zsms.zabrze.pl\/index.php?rest_route=\/wp\/v2\/users\/3"}],"replies":[{"embeddable":true,"href":"https:\/\/zsms.zabrze.pl\/index.php?rest_route=%2Fwp%2Fv2%2Fcomments&post=5024"}],"version-history":[{"count":7,"href":"https:\/\/zsms.zabrze.pl\/index.php?rest_route=\/wp\/v2\/posts\/5024\/revisions"}],"predecessor-version":[{"id":5039,"href":"https:\/\/zsms.zabrze.pl\/index.php?rest_route=\/wp\/v2\/posts\/5024\/revisions\/5039"}],"wp:featuredmedia":[{"embeddable":true,"href":"https:\/\/zsms.zabrze.pl\/index.php?rest_route=\/wp\/v2\/media\/5025"}],"wp:attachment":[{"href":"https:\/\/zsms.zabrze.pl\/index.php?rest_route=%2Fwp%2Fv2%2Fmedia&parent=5024"}],"wp:term":[{"taxonomy":"category","embeddable":true,"href":"https:\/\/zsms.zabrze.pl\/index.php?rest_route=%2Fwp%2Fv2%2Fcategories&post=5024"},{"taxonomy":"post_tag","embeddable":true,"href":"https:\/\/zsms.zabrze.pl\/index.php?rest_route=%2Fwp%2Fv2%2Ftags&post=5024"}],"curies":[{"name":"wp","href":"https:\/\/api.w.org\/{rel}","templated":true}]}}