{"id":600,"date":"2019-10-29T10:04:00","date_gmt":"2019-10-29T09:04:00","guid":{"rendered":"https:\/\/zsms.zabrze.pl\/?p=600"},"modified":"2020-09-22T21:03:18","modified_gmt":"2020-09-22T19:03:18","slug":"przedszkolaki-w-zsms","status":"publish","type":"post","link":"https:\/\/zsms.zabrze.pl\/?p=600","title":{"rendered":"Przedszkolaki w ZSMS"},"content":{"rendered":"\n<p>25.10.2019 w ramach OTK nasz\u0105 szko\u0142\u0119 odwiedzi\u0142y przedszkolaki z przedszkola nr 46 w Zabrzu.<\/p>\n\n\n\n<p>Dzieci by\u0142y bardzo zainteresowane pracowni\u0105 fryzjersk\u0105, zadawa\u0142y mn\u00f3stwo pyta\u0144. Szczeg\u00f3lnie dziewczynki by\u0142y zainteresowane warkoczykami, kokami i lokami. Ka\u017cdy ch\u0142opiec natomiast chcia\u0142 mie\u0107 irokeza. Inspiracji szukali w czasopismach fryzjerskich. Ca\u0142a grupa stwierdzi\u0142a, \u017ce ch\u0119tnie przyjd\u0105 do naszej szko\u0142y si\u0119 uczy\u0107&nbsp;\ud83d\ude09 <\/p>\n\n\n\n<p>Trzymamy za s\u0142owo i do zobaczenia za par\u0119 lat!!!<\/p>\n\n\n<div class=\"su-custom-gallery su-custom-gallery-align-left su-custom-gallery-title-never su-lightbox-gallery\"><div class=\"su-custom-gallery-slide\" style=\"width:240px;height:140px\"><a href=\"https:\/\/zsms.zabrze.pl\/wp-content\/uploads\/2019\/10\/przedsz_zsms_-01.jpg\" title=\"przedsz_zsms_-01\"><img loading=\"lazy\" decoding=\"async\" src=\"https:\/\/zsms.zabrze.pl\/wp-content\/uploads\/2019\/10\/przedsz_zsms_-01-240x140.jpg\" alt=\"przedsz_zsms_-01\" width=\"240\" height=\"140\" \/><span class=\"su-custom-gallery-title\">przedsz_zsms_-01<\/span><\/a><\/div><div class=\"su-custom-gallery-slide\" style=\"width:240px;height:140px\"><a href=\"https:\/\/zsms.zabrze.pl\/wp-content\/uploads\/2019\/10\/przedsz_zsms_-02.jpg\" title=\"przedsz_zsms_-02\"><img loading=\"lazy\" decoding=\"async\" src=\"https:\/\/zsms.zabrze.pl\/wp-content\/uploads\/2019\/10\/przedsz_zsms_-02-240x140.jpg\" alt=\"przedsz_zsms_-02\" width=\"240\" height=\"140\" \/><span class=\"su-custom-gallery-title\">przedsz_zsms_-02<\/span><\/a><\/div><div class=\"su-custom-gallery-slide\" style=\"width:240px;height:140px\"><a href=\"https:\/\/zsms.zabrze.pl\/wp-content\/uploads\/2019\/10\/przedsz_zsms_-03.jpg\" title=\"przedsz_zsms_-03\"><img loading=\"lazy\" decoding=\"async\" src=\"https:\/\/zsms.zabrze.pl\/wp-content\/uploads\/2019\/10\/przedsz_zsms_-03-240x140.jpg\" alt=\"przedsz_zsms_-03\" width=\"240\" height=\"140\" \/><span class=\"su-custom-gallery-title\">przedsz_zsms_-03<\/span><\/a><\/div><div class=\"su-custom-gallery-slide\" style=\"width:240px;height:140px\"><a href=\"https:\/\/zsms.zabrze.pl\/wp-content\/uploads\/2019\/10\/przedsz_zsms_-04.jpg\" title=\"przedsz_zsms_-04\"><img loading=\"lazy\" decoding=\"async\" src=\"https:\/\/zsms.zabrze.pl\/wp-content\/uploads\/2019\/10\/przedsz_zsms_-04-240x140.jpg\" alt=\"przedsz_zsms_-04\" width=\"240\" height=\"140\" \/><span class=\"su-custom-gallery-title\">przedsz_zsms_-04<\/span><\/a><\/div><div class=\"su-custom-gallery-slide\" style=\"width:240px;height:140px\"><a href=\"https:\/\/zsms.zabrze.pl\/wp-content\/uploads\/2019\/10\/przedsz_zsms_-05.jpg\" title=\"przedsz_zsms_-05\"><img loading=\"lazy\" decoding=\"async\" src=\"https:\/\/zsms.zabrze.pl\/wp-content\/uploads\/2019\/10\/przedsz_zsms_-05-240x140.jpg\" alt=\"przedsz_zsms_-05\" width=\"240\" height=\"140\" \/><span class=\"su-custom-gallery-title\">przedsz_zsms_-05<\/span><\/a><\/div><div class=\"su-custom-gallery-slide\" style=\"width:240px;height:140px\"><a href=\"https:\/\/zsms.zabrze.pl\/wp-content\/uploads\/2019\/10\/przedsz_zsms_-06.jpg\" title=\"przedsz_zsms_-06\"><img loading=\"lazy\" decoding=\"async\" src=\"https:\/\/zsms.zabrze.pl\/wp-content\/uploads\/2019\/10\/przedsz_zsms_-06-240x140.jpg\" alt=\"przedsz_zsms_-06\" width=\"240\" height=\"140\" \/><span class=\"su-custom-gallery-title\">przedsz_zsms_-06<\/span><\/a><\/div><div class=\"su-clear\"><\/div><\/div>\n","protected":false},"excerpt":{"rendered":"<p>25.10.2019 w ramach OTK nasz\u0105 szko\u0142\u0119 odwiedzi\u0142y przedszkolaki z przedszkola nr 46 w Zabrzu. Dzieci by\u0142y bardzo zainteresowane pracowni\u0105 fryzjersk\u0105,<\/p>\n","protected":false},"author":6,"featured_media":1065,"comment_status":"closed","ping_status":"closed","sticky":false,"template":"","format":"standard","meta":{"colormag_page_container_layout":"default_layout","colormag_page_sidebar_layout":"default_layout","footnotes":""},"categories":[5],"tags":[],"class_list":["post-600","post","type-post","status-publish","format-standard","has-post-thumbnail","hentry","category-relacje"],"yoast_head":"<!-- This site is optimized with the Yoast SEO plugin v27.2 - https:\/\/yoast.com\/product\/yoast-seo-wordpress\/ -->\n<title>Przedszkolaki w ZSMS - Zesp\u00f3\u0142 Szk\u00f3\u0142 Mechaniczno-Samochodowych w Zabrzu<\/title>\n<meta name=\"description\" content=\"Technikum Nr 2, Bran\u017cowa Szko\u0142a I Stopnia Nr 8\" \/>\n<meta name=\"robots\" content=\"noindex, follow\" \/>\n<meta property=\"og:locale\" content=\"pl_PL\" \/>\n<meta property=\"og:type\" content=\"article\" \/>\n<meta property=\"og:title\" content=\"Przedszkolaki w ZSMS - Zesp\u00f3\u0142 Szk\u00f3\u0142 Mechaniczno-Samochodowych w Zabrzu\" \/>\n<meta property=\"og:description\" content=\"Technikum Nr 2, Bran\u017cowa Szko\u0142a I Stopnia Nr 8\" \/>\n<meta property=\"og:url\" content=\"https:\/\/zsms.zabrze.pl\/?p=600\" \/>\n<meta property=\"og:site_name\" content=\"Zesp\u00f3\u0142 Szk\u00f3\u0142 Mechaniczno-Samochodowych w Zabrzu\" \/>\n<meta property=\"article:publisher\" content=\"https:\/\/www.facebook.com\/zsmszabrze\/\" \/>\n<meta property=\"article:published_time\" content=\"2019-10-29T09:04:00+00:00\" \/>\n<meta property=\"article:modified_time\" content=\"2020-09-22T19:03:18+00:00\" \/>\n<meta property=\"og:image\" content=\"https:\/\/zsms.zabrze.pl\/wp-content\/uploads\/2019\/10\/przedszkolaki_fp.jpg\" \/>\n\t<meta property=\"og:image:width\" content=\"800\" \/>\n\t<meta property=\"og:image:height\" content=\"445\" \/>\n\t<meta property=\"og:image:type\" content=\"image\/jpeg\" \/>\n<meta name=\"author\" content=\"D. Schwengler\" \/>\n<meta name=\"twitter:card\" content=\"summary_large_image\" \/>\n<meta name=\"twitter:label1\" content=\"Napisane przez\" \/>\n\t<meta name=\"twitter:data1\" content=\"D. Schwengler\" \/>\n<!-- \/ Yoast SEO plugin. -->","yoast_head_json":{"title":"Przedszkolaki w ZSMS - Zesp\u00f3\u0142 Szk\u00f3\u0142 Mechaniczno-Samochodowych w Zabrzu","description":"Technikum Nr 2, Bran\u017cowa Szko\u0142a I Stopnia Nr 8","robots":{"index":"noindex","follow":"follow"},"og_locale":"pl_PL","og_type":"article","og_title":"Przedszkolaki w ZSMS - Zesp\u00f3\u0142 Szk\u00f3\u0142 Mechaniczno-Samochodowych w Zabrzu","og_description":"Technikum Nr 2, Bran\u017cowa Szko\u0142a I Stopnia Nr 8","og_url":"https:\/\/zsms.zabrze.pl\/?p=600","og_site_name":"Zesp\u00f3\u0142 Szk\u00f3\u0142 Mechaniczno-Samochodowych w Zabrzu","article_publisher":"https:\/\/www.facebook.com\/zsmszabrze\/","article_published_time":"2019-10-29T09:04:00+00:00","article_modified_time":"2020-09-22T19:03:18+00:00","og_image":[{"width":800,"height":445,"url":"https:\/\/zsms.zabrze.pl\/wp-content\/uploads\/2019\/10\/przedszkolaki_fp.jpg","type":"image\/jpeg"}],"author":"D. Schwengler","twitter_card":"summary_large_image","twitter_misc":{"Napisane przez":"D. Schwengler"},"schema":{"@context":"https:\/\/schema.org","@graph":[{"@type":"Article","@id":"https:\/\/zsms.zabrze.pl\/?p=600#article","isPartOf":{"@id":"https:\/\/zsms.zabrze.pl\/?p=600"},"author":{"name":"D. Schwengler","@id":"https:\/\/zsms.zabrze.pl\/#\/schema\/person\/ddc19fe94cc03a930cd832683cac28a6"},"headline":"Przedszkolaki w ZSMS","datePublished":"2019-10-29T09:04:00+00:00","dateModified":"2020-09-22T19:03:18+00:00","mainEntityOfPage":{"@id":"https:\/\/zsms.zabrze.pl\/?p=600"},"wordCount":89,"publisher":{"@id":"https:\/\/zsms.zabrze.pl\/#organization"},"image":{"@id":"https:\/\/zsms.zabrze.pl\/?p=600#primaryimage"},"thumbnailUrl":"https:\/\/zsms.zabrze.pl\/wp-content\/uploads\/2019\/10\/przedszkolaki_fp.jpg","articleSection":["Relacje"],"inLanguage":"pl-PL"},{"@type":"WebPage","@id":"https:\/\/zsms.zabrze.pl\/?p=600","url":"https:\/\/zsms.zabrze.pl\/?p=600","name":"Przedszkolaki w ZSMS - Zesp\u00f3\u0142 Szk\u00f3\u0142 Mechaniczno-Samochodowych w Zabrzu","isPartOf":{"@id":"https:\/\/zsms.zabrze.pl\/#website"},"primaryImageOfPage":{"@id":"https:\/\/zsms.zabrze.pl\/?p=600#primaryimage"},"image":{"@id":"https:\/\/zsms.zabrze.pl\/?p=600#primaryimage"},"thumbnailUrl":"https:\/\/zsms.zabrze.pl\/wp-content\/uploads\/2019\/10\/przedszkolaki_fp.jpg","datePublished":"2019-10-29T09:04:00+00:00","dateModified":"2020-09-22T19:03:18+00:00","description":"Technikum Nr 2, Bran\u017cowa Szko\u0142a I Stopnia Nr 8","breadcrumb":{"@id":"https:\/\/zsms.zabrze.pl\/?p=600#breadcrumb"},"inLanguage":"pl-PL","potentialAction":[{"@type":"ReadAction","target":["https:\/\/zsms.zabrze.pl\/?p=600"]}]},{"@type":"ImageObject","inLanguage":"pl-PL","@id":"https:\/\/zsms.zabrze.pl\/?p=600#primaryimage","url":"https:\/\/zsms.zabrze.pl\/wp-content\/uploads\/2019\/10\/przedszkolaki_fp.jpg","contentUrl":"https:\/\/zsms.zabrze.pl\/wp-content\/uploads\/2019\/10\/przedszkolaki_fp.jpg","width":800,"height":445},{"@type":"BreadcrumbList","@id":"https:\/\/zsms.zabrze.pl\/?p=600#breadcrumb","itemListElement":[{"@type":"ListItem","position":1,"name":"Strona g\u0142\u00f3wna","item":"https:\/\/zsms.zabrze.pl\/"},{"@type":"ListItem","position":2,"name":"Przedszkolaki w ZSMS"}]},{"@type":"WebSite","@id":"https:\/\/zsms.zabrze.pl\/#website","url":"https:\/\/zsms.zabrze.pl\/","name":"Zesp\u00f3\u0142 Szk\u00f3\u0142 Mechaniczno-Samochodowych w Zabrzu","description":"","publisher":{"@id":"https:\/\/zsms.zabrze.pl\/#organization"},"potentialAction":[{"@type":"SearchAction","target":{"@type":"EntryPoint","urlTemplate":"https:\/\/zsms.zabrze.pl\/?s={search_term_string}"},"query-input":{"@type":"PropertyValueSpecification","valueRequired":true,"valueName":"search_term_string"}}],"inLanguage":"pl-PL"},{"@type":"Organization","@id":"https:\/\/zsms.zabrze.pl\/#organization","name":"Zesp\u00f3\u0142 Szk\u00f3\u0142 Mechaniczno-Samochodowych w Zabrzu","url":"https:\/\/zsms.zabrze.pl\/","logo":{"@type":"ImageObject","inLanguage":"pl-PL","@id":"https:\/\/zsms.zabrze.pl\/#\/schema\/logo\/image\/","url":"https:\/\/zsms.zabrze.pl\/wp-content\/uploads\/2020\/10\/logo600.jpg","contentUrl":"https:\/\/zsms.zabrze.pl\/wp-content\/uploads\/2020\/10\/logo600.jpg","width":600,"height":600,"caption":"Zesp\u00f3\u0142 Szk\u00f3\u0142 Mechaniczno-Samochodowych w Zabrzu"},"image":{"@id":"https:\/\/zsms.zabrze.pl\/#\/schema\/logo\/image\/"},"sameAs":["https:\/\/www.facebook.com\/zsmszabrze\/"]},{"@type":"Person","@id":"https:\/\/zsms.zabrze.pl\/#\/schema\/person\/ddc19fe94cc03a930cd832683cac28a6","name":"D. Schwengler","url":"https:\/\/zsms.zabrze.pl\/?author=6"}]}},"_links":{"self":[{"href":"https:\/\/zsms.zabrze.pl\/index.php?rest_route=\/wp\/v2\/posts\/600","targetHints":{"allow":["GET"]}}],"collection":[{"href":"https:\/\/zsms.zabrze.pl\/index.php?rest_route=\/wp\/v2\/posts"}],"about":[{"href":"https:\/\/zsms.zabrze.pl\/index.php?rest_route=\/wp\/v2\/types\/post"}],"author":[{"embeddable":true,"href":"https:\/\/zsms.zabrze.pl\/index.php?rest_route=\/wp\/v2\/users\/6"}],"replies":[{"embeddable":true,"href":"https:\/\/zsms.zabrze.pl\/index.php?rest_route=%2Fwp%2Fv2%2Fcomments&post=600"}],"version-history":[{"count":2,"href":"https:\/\/zsms.zabrze.pl\/index.php?rest_route=\/wp\/v2\/posts\/600\/revisions"}],"predecessor-version":[{"id":617,"href":"https:\/\/zsms.zabrze.pl\/index.php?rest_route=\/wp\/v2\/posts\/600\/revisions\/617"}],"wp:featuredmedia":[{"embeddable":true,"href":"https:\/\/zsms.zabrze.pl\/index.php?rest_route=\/wp\/v2\/media\/1065"}],"wp:attachment":[{"href":"https:\/\/zsms.zabrze.pl\/index.php?rest_route=%2Fwp%2Fv2%2Fmedia&parent=600"}],"wp:term":[{"taxonomy":"category","embeddable":true,"href":"https:\/\/zsms.zabrze.pl\/index.php?rest_route=%2Fwp%2Fv2%2Fcategories&post=600"},{"taxonomy":"post_tag","embeddable":true,"href":"https:\/\/zsms.zabrze.pl\/index.php?rest_route=%2Fwp%2Fv2%2Ftags&post=600"}],"curies":[{"name":"wp","href":"https:\/\/api.w.org\/{rel}","templated":true}]}}