{"id":623,"date":"2019-10-22T10:14:16","date_gmt":"2019-10-22T08:14:16","guid":{"rendered":"https:\/\/zsms.zabrze.pl\/?p=623"},"modified":"2020-09-25T21:09:17","modified_gmt":"2020-09-25T19:09:17","slug":"wizyta-w-lucjans-barber-shop","status":"publish","type":"post","link":"https:\/\/zsms.zabrze.pl\/?p=623","title":{"rendered":"Wizyta w Lucjan\u2019s Barber Shop"},"content":{"rendered":"\n<p>Uczniowie klasy II fryzjerskiej udali si\u0119 16.10. 2019 do salonu Lucjan\u2019s Barber Shop w Gliwicach.<\/p>\n\n\n\n<p>M\u0142odzie\u017c\u0105 w salonie zaopiekowa\u0142a si\u0119 Jesika Zdancewicz, kt\u00f3ra jest absolwentk\u0105 naszej szko\u0142y, a obecnie pracuje w salonie. Uczniowie obserwowali prac\u0119 w salonie typowo m\u0119skim oraz zapoznali si\u0119 z wyposa\u017ceniem zak\u0142adu. M\u0142odzie\u017c obserwowa\u0142a podej\u015bcie do klient\u00f3w, kt\u00f3rym by\u0142a zaskoczona, ale i zachwycona. Podoba\u0142a im si\u0119 r\u00f3wnie\u017c atmosfera panuj\u0105ca w salonie.<\/p>\n\n\n\n<p>Uczniowie wzi\u0119li udzia\u0142 w kr\u00f3tkim szkoleniu strzy\u017cenia w\u0142os\u00f3w i zarostu m\u0119skiego.<\/p>\n\n\n\n<p>Dzi\u0119kujemy, \u017ce po raz kolejny mogli\u015bmy go\u015bci\u0107 w Waszym salonie.<\/p>\n\n\n<div class=\"su-custom-gallery su-custom-gallery-align-left su-custom-gallery-title-never su-lightbox-gallery\"><div class=\"su-custom-gallery-slide\" style=\"width:240px;height:140px\"><a href=\"https:\/\/zsms.zabrze.pl\/wp-content\/uploads\/2020\/09\/Fryz_-01.jpg\" title=\"Fryz_-01\"><img loading=\"lazy\" decoding=\"async\" src=\"https:\/\/zsms.zabrze.pl\/wp-content\/uploads\/2020\/09\/Fryz_-01-240x140.jpg\" alt=\"Fryz_-01\" width=\"240\" height=\"140\" \/><span class=\"su-custom-gallery-title\">Fryz_-01<\/span><\/a><\/div><div class=\"su-custom-gallery-slide\" style=\"width:240px;height:140px\"><a href=\"https:\/\/zsms.zabrze.pl\/wp-content\/uploads\/2020\/09\/Fryz_-03.jpg\" title=\"Fryz_-03\"><img loading=\"lazy\" decoding=\"async\" src=\"https:\/\/zsms.zabrze.pl\/wp-content\/uploads\/2020\/09\/Fryz_-03-240x140.jpg\" alt=\"Fryz_-03\" width=\"240\" height=\"140\" \/><span class=\"su-custom-gallery-title\">Fryz_-03<\/span><\/a><\/div><div class=\"su-custom-gallery-slide\" style=\"width:240px;height:140px\"><a href=\"https:\/\/zsms.zabrze.pl\/wp-content\/uploads\/2020\/09\/Fryz_-04.jpg\" title=\"Fryz_-04\"><img loading=\"lazy\" decoding=\"async\" src=\"https:\/\/zsms.zabrze.pl\/wp-content\/uploads\/2020\/09\/Fryz_-04-240x140.jpg\" alt=\"Fryz_-04\" width=\"240\" height=\"140\" \/><span class=\"su-custom-gallery-title\">Fryz_-04<\/span><\/a><\/div><div class=\"su-custom-gallery-slide\" style=\"width:240px;height:140px\"><a href=\"https:\/\/zsms.zabrze.pl\/wp-content\/uploads\/2020\/09\/Fryz_-05.jpg\" title=\"Fryz_-05\"><img loading=\"lazy\" decoding=\"async\" src=\"https:\/\/zsms.zabrze.pl\/wp-content\/uploads\/2020\/09\/Fryz_-05-240x140.jpg\" alt=\"Fryz_-05\" width=\"240\" height=\"140\" \/><span class=\"su-custom-gallery-title\">Fryz_-05<\/span><\/a><\/div><div class=\"su-custom-gallery-slide\" style=\"width:240px;height:140px\"><a href=\"https:\/\/zsms.zabrze.pl\/wp-content\/uploads\/2020\/09\/Fryz_-06.jpg\" title=\"Fryz_-06\"><img loading=\"lazy\" decoding=\"async\" src=\"https:\/\/zsms.zabrze.pl\/wp-content\/uploads\/2020\/09\/Fryz_-06-240x140.jpg\" alt=\"Fryz_-06\" width=\"240\" height=\"140\" \/><span class=\"su-custom-gallery-title\">Fryz_-06<\/span><\/a><\/div><div class=\"su-custom-gallery-slide\" style=\"width:240px;height:140px\"><a href=\"https:\/\/zsms.zabrze.pl\/wp-content\/uploads\/2020\/09\/Fryz_-07.jpg\" title=\"Fryz_-07\"><img loading=\"lazy\" decoding=\"async\" src=\"https:\/\/zsms.zabrze.pl\/wp-content\/uploads\/2020\/09\/Fryz_-07-240x140.jpg\" alt=\"Fryz_-07\" width=\"240\" height=\"140\" \/><span class=\"su-custom-gallery-title\">Fryz_-07<\/span><\/a><\/div><div class=\"su-custom-gallery-slide\" style=\"width:240px;height:140px\"><a href=\"https:\/\/zsms.zabrze.pl\/wp-content\/uploads\/2020\/09\/Fryz_-09.jpg\" title=\"Fryz_-09\"><img loading=\"lazy\" decoding=\"async\" src=\"https:\/\/zsms.zabrze.pl\/wp-content\/uploads\/2020\/09\/Fryz_-09-240x140.jpg\" alt=\"Fryz_-09\" width=\"240\" height=\"140\" \/><span class=\"su-custom-gallery-title\">Fryz_-09<\/span><\/a><\/div><div class=\"su-custom-gallery-slide\" style=\"width:240px;height:140px\"><a href=\"https:\/\/zsms.zabrze.pl\/wp-content\/uploads\/2020\/09\/Fryz_-11.jpg\" title=\"Fryz_-11\"><img loading=\"lazy\" decoding=\"async\" src=\"https:\/\/zsms.zabrze.pl\/wp-content\/uploads\/2020\/09\/Fryz_-11-240x140.jpg\" alt=\"Fryz_-11\" width=\"240\" height=\"140\" \/><span class=\"su-custom-gallery-title\">Fryz_-11<\/span><\/a><\/div><div class=\"su-custom-gallery-slide\" style=\"width:240px;height:140px\"><a href=\"https:\/\/zsms.zabrze.pl\/wp-content\/uploads\/2020\/09\/Fryz_-12.jpg\" title=\"Fryz_-12\"><img loading=\"lazy\" decoding=\"async\" src=\"https:\/\/zsms.zabrze.pl\/wp-content\/uploads\/2020\/09\/Fryz_-12-240x140.jpg\" alt=\"Fryz_-12\" width=\"240\" height=\"140\" \/><span class=\"su-custom-gallery-title\">Fryz_-12<\/span><\/a><\/div><div class=\"su-clear\"><\/div><\/div>\n","protected":false},"excerpt":{"rendered":"<p>Uczniowie klasy II fryzjerskiej udali si\u0119 16.10. 2019 do salonu Lucjan\u2019s Barber Shop w Gliwicach. M\u0142odzie\u017c\u0105 w salonie zaopiekowa\u0142a si\u0119<\/p>\n","protected":false},"author":6,"featured_media":1099,"comment_status":"closed","ping_status":"closed","sticky":false,"template":"","format":"standard","meta":{"colormag_page_container_layout":"default_layout","colormag_page_sidebar_layout":"default_layout","footnotes":""},"categories":[5],"tags":[],"class_list":["post-623","post","type-post","status-publish","format-standard","has-post-thumbnail","hentry","category-relacje"],"yoast_head":"<!-- This site is optimized with the Yoast SEO plugin v27.2 - https:\/\/yoast.com\/product\/yoast-seo-wordpress\/ -->\n<title>Wizyta w Lucjan\u2019s Barber Shop - Zesp\u00f3\u0142 Szk\u00f3\u0142 Mechaniczno-Samochodowych w Zabrzu<\/title>\n<meta name=\"description\" content=\"Technikum Nr 2, Bran\u017cowa Szko\u0142a I Stopnia Nr 8\" \/>\n<meta name=\"robots\" content=\"noindex, follow\" \/>\n<meta property=\"og:locale\" content=\"pl_PL\" \/>\n<meta property=\"og:type\" content=\"article\" \/>\n<meta property=\"og:title\" content=\"Wizyta w Lucjan\u2019s Barber Shop - Zesp\u00f3\u0142 Szk\u00f3\u0142 Mechaniczno-Samochodowych w Zabrzu\" \/>\n<meta property=\"og:description\" content=\"Technikum Nr 2, Bran\u017cowa Szko\u0142a I Stopnia Nr 8\" \/>\n<meta property=\"og:url\" content=\"https:\/\/zsms.zabrze.pl\/?p=623\" \/>\n<meta property=\"og:site_name\" content=\"Zesp\u00f3\u0142 Szk\u00f3\u0142 Mechaniczno-Samochodowych w Zabrzu\" \/>\n<meta property=\"article:publisher\" content=\"https:\/\/www.facebook.com\/zsmszabrze\/\" \/>\n<meta property=\"article:published_time\" content=\"2019-10-22T08:14:16+00:00\" \/>\n<meta property=\"article:modified_time\" content=\"2020-09-25T19:09:17+00:00\" \/>\n<meta property=\"og:image\" content=\"https:\/\/zsms.zabrze.pl\/wp-content\/uploads\/2019\/10\/lbs_fp.jpg\" \/>\n\t<meta property=\"og:image:width\" content=\"800\" \/>\n\t<meta property=\"og:image:height\" content=\"445\" \/>\n\t<meta property=\"og:image:type\" content=\"image\/jpeg\" \/>\n<meta name=\"author\" content=\"D. Schwengler\" \/>\n<meta name=\"twitter:card\" content=\"summary_large_image\" \/>\n<meta name=\"twitter:label1\" content=\"Napisane przez\" \/>\n\t<meta name=\"twitter:data1\" content=\"D. Schwengler\" \/>\n\t<meta name=\"twitter:label2\" content=\"Szacowany czas czytania\" \/>\n\t<meta name=\"twitter:data2\" content=\"1 minuta\" \/>\n<!-- \/ Yoast SEO plugin. -->","yoast_head_json":{"title":"Wizyta w Lucjan\u2019s Barber Shop - Zesp\u00f3\u0142 Szk\u00f3\u0142 Mechaniczno-Samochodowych w Zabrzu","description":"Technikum Nr 2, Bran\u017cowa Szko\u0142a I Stopnia Nr 8","robots":{"index":"noindex","follow":"follow"},"og_locale":"pl_PL","og_type":"article","og_title":"Wizyta w Lucjan\u2019s Barber Shop - Zesp\u00f3\u0142 Szk\u00f3\u0142 Mechaniczno-Samochodowych w Zabrzu","og_description":"Technikum Nr 2, Bran\u017cowa Szko\u0142a I Stopnia Nr 8","og_url":"https:\/\/zsms.zabrze.pl\/?p=623","og_site_name":"Zesp\u00f3\u0142 Szk\u00f3\u0142 Mechaniczno-Samochodowych w Zabrzu","article_publisher":"https:\/\/www.facebook.com\/zsmszabrze\/","article_published_time":"2019-10-22T08:14:16+00:00","article_modified_time":"2020-09-25T19:09:17+00:00","og_image":[{"width":800,"height":445,"url":"https:\/\/zsms.zabrze.pl\/wp-content\/uploads\/2019\/10\/lbs_fp.jpg","type":"image\/jpeg"}],"author":"D. Schwengler","twitter_card":"summary_large_image","twitter_misc":{"Napisane przez":"D. Schwengler","Szacowany czas czytania":"1 minuta"},"schema":{"@context":"https:\/\/schema.org","@graph":[{"@type":"Article","@id":"https:\/\/zsms.zabrze.pl\/?p=623#article","isPartOf":{"@id":"https:\/\/zsms.zabrze.pl\/?p=623"},"author":{"name":"D. Schwengler","@id":"https:\/\/zsms.zabrze.pl\/#\/schema\/person\/ddc19fe94cc03a930cd832683cac28a6"},"headline":"Wizyta w Lucjan\u2019s Barber Shop","datePublished":"2019-10-22T08:14:16+00:00","dateModified":"2020-09-25T19:09:17+00:00","mainEntityOfPage":{"@id":"https:\/\/zsms.zabrze.pl\/?p=623"},"wordCount":126,"publisher":{"@id":"https:\/\/zsms.zabrze.pl\/#organization"},"image":{"@id":"https:\/\/zsms.zabrze.pl\/?p=623#primaryimage"},"thumbnailUrl":"https:\/\/zsms.zabrze.pl\/wp-content\/uploads\/2019\/10\/lbs_fp.jpg","articleSection":["Relacje"],"inLanguage":"pl-PL"},{"@type":"WebPage","@id":"https:\/\/zsms.zabrze.pl\/?p=623","url":"https:\/\/zsms.zabrze.pl\/?p=623","name":"Wizyta w Lucjan\u2019s Barber Shop - Zesp\u00f3\u0142 Szk\u00f3\u0142 Mechaniczno-Samochodowych w Zabrzu","isPartOf":{"@id":"https:\/\/zsms.zabrze.pl\/#website"},"primaryImageOfPage":{"@id":"https:\/\/zsms.zabrze.pl\/?p=623#primaryimage"},"image":{"@id":"https:\/\/zsms.zabrze.pl\/?p=623#primaryimage"},"thumbnailUrl":"https:\/\/zsms.zabrze.pl\/wp-content\/uploads\/2019\/10\/lbs_fp.jpg","datePublished":"2019-10-22T08:14:16+00:00","dateModified":"2020-09-25T19:09:17+00:00","description":"Technikum Nr 2, Bran\u017cowa Szko\u0142a I Stopnia Nr 8","breadcrumb":{"@id":"https:\/\/zsms.zabrze.pl\/?p=623#breadcrumb"},"inLanguage":"pl-PL","potentialAction":[{"@type":"ReadAction","target":["https:\/\/zsms.zabrze.pl\/?p=623"]}]},{"@type":"ImageObject","inLanguage":"pl-PL","@id":"https:\/\/zsms.zabrze.pl\/?p=623#primaryimage","url":"https:\/\/zsms.zabrze.pl\/wp-content\/uploads\/2019\/10\/lbs_fp.jpg","contentUrl":"https:\/\/zsms.zabrze.pl\/wp-content\/uploads\/2019\/10\/lbs_fp.jpg","width":800,"height":445},{"@type":"BreadcrumbList","@id":"https:\/\/zsms.zabrze.pl\/?p=623#breadcrumb","itemListElement":[{"@type":"ListItem","position":1,"name":"Strona g\u0142\u00f3wna","item":"https:\/\/zsms.zabrze.pl\/"},{"@type":"ListItem","position":2,"name":"Wizyta w Lucjan\u2019s Barber Shop"}]},{"@type":"WebSite","@id":"https:\/\/zsms.zabrze.pl\/#website","url":"https:\/\/zsms.zabrze.pl\/","name":"Zesp\u00f3\u0142 Szk\u00f3\u0142 Mechaniczno-Samochodowych w Zabrzu","description":"","publisher":{"@id":"https:\/\/zsms.zabrze.pl\/#organization"},"potentialAction":[{"@type":"SearchAction","target":{"@type":"EntryPoint","urlTemplate":"https:\/\/zsms.zabrze.pl\/?s={search_term_string}"},"query-input":{"@type":"PropertyValueSpecification","valueRequired":true,"valueName":"search_term_string"}}],"inLanguage":"pl-PL"},{"@type":"Organization","@id":"https:\/\/zsms.zabrze.pl\/#organization","name":"Zesp\u00f3\u0142 Szk\u00f3\u0142 Mechaniczno-Samochodowych w Zabrzu","url":"https:\/\/zsms.zabrze.pl\/","logo":{"@type":"ImageObject","inLanguage":"pl-PL","@id":"https:\/\/zsms.zabrze.pl\/#\/schema\/logo\/image\/","url":"https:\/\/zsms.zabrze.pl\/wp-content\/uploads\/2020\/10\/logo600.jpg","contentUrl":"https:\/\/zsms.zabrze.pl\/wp-content\/uploads\/2020\/10\/logo600.jpg","width":600,"height":600,"caption":"Zesp\u00f3\u0142 Szk\u00f3\u0142 Mechaniczno-Samochodowych w Zabrzu"},"image":{"@id":"https:\/\/zsms.zabrze.pl\/#\/schema\/logo\/image\/"},"sameAs":["https:\/\/www.facebook.com\/zsmszabrze\/"]},{"@type":"Person","@id":"https:\/\/zsms.zabrze.pl\/#\/schema\/person\/ddc19fe94cc03a930cd832683cac28a6","name":"D. Schwengler","url":"https:\/\/zsms.zabrze.pl\/?author=6"}]}},"_links":{"self":[{"href":"https:\/\/zsms.zabrze.pl\/index.php?rest_route=\/wp\/v2\/posts\/623","targetHints":{"allow":["GET"]}}],"collection":[{"href":"https:\/\/zsms.zabrze.pl\/index.php?rest_route=\/wp\/v2\/posts"}],"about":[{"href":"https:\/\/zsms.zabrze.pl\/index.php?rest_route=\/wp\/v2\/types\/post"}],"author":[{"embeddable":true,"href":"https:\/\/zsms.zabrze.pl\/index.php?rest_route=\/wp\/v2\/users\/6"}],"replies":[{"embeddable":true,"href":"https:\/\/zsms.zabrze.pl\/index.php?rest_route=%2Fwp%2Fv2%2Fcomments&post=623"}],"version-history":[{"count":1,"href":"https:\/\/zsms.zabrze.pl\/index.php?rest_route=\/wp\/v2\/posts\/623\/revisions"}],"predecessor-version":[{"id":633,"href":"https:\/\/zsms.zabrze.pl\/index.php?rest_route=\/wp\/v2\/posts\/623\/revisions\/633"}],"wp:featuredmedia":[{"embeddable":true,"href":"https:\/\/zsms.zabrze.pl\/index.php?rest_route=\/wp\/v2\/media\/1099"}],"wp:attachment":[{"href":"https:\/\/zsms.zabrze.pl\/index.php?rest_route=%2Fwp%2Fv2%2Fmedia&parent=623"}],"wp:term":[{"taxonomy":"category","embeddable":true,"href":"https:\/\/zsms.zabrze.pl\/index.php?rest_route=%2Fwp%2Fv2%2Fcategories&post=623"},{"taxonomy":"post_tag","embeddable":true,"href":"https:\/\/zsms.zabrze.pl\/index.php?rest_route=%2Fwp%2Fv2%2Ftags&post=623"}],"curies":[{"name":"wp","href":"https:\/\/api.w.org\/{rel}","templated":true}]}}